{"id":134132,"date":"2024-12-17T10:00:55","date_gmt":"2024-12-17T13:00:55","guid":{"rendered":"https:\/\/onordeste.com.br\/?p=134125"},"modified":"2024-12-17T10:00:55","modified_gmt":"2024-12-17T13:00:55","slug":"romero-e-tovar-apadrinham-candidatura-a-presidencia-da-camara","status":"publish","type":"post","link":"https:\/\/iparaiba.com.br\/index.php\/2024\/12\/17\/romero-e-tovar-apadrinham-candidatura-a-presidencia-da-camara\/","title":{"rendered":"Romero e Tovar apadrinham candidatura \u00e0 presid\u00eancia da C\u00e2mara"},"content":{"rendered":"<p>Os deputados Romero Rodrigues (Podemos) e Tovar Correia Lima (PSDB) est\u00e3o atuando intensamente para viabilizar a candidatura do vereador Saulo Germano (Podemos) para presidir a C\u00e2mara Municipal de Campina Grande, a partir de janeiro pr\u00f3ximo.<\/p>\n<p>*nota da coluna Aparte, assinada pelo jornalista Arimat\u00e9a Souza.<\/p>\n<p>Paraibaonline<\/p>\n","protected":false},"excerpt":{"rendered":"<p>Os deputados Romero Rodrigues (Podemos) e Tovar Correia Lima (PSDB) est\u00e3o atuando intensamente para viabilizar a candidatura do vereador Saulo Germano (Podemos) para presidir a C\u00e2mara Municipal de Campina Grande, a partir de janeiro pr\u00f3ximo. *nota da coluna Aparte, assinada pelo jornalista Arimat\u00e9a Souza. Paraibaonline<\/p>\n","protected":false},"author":1,"featured_media":99413,"comment_status":"open","ping_status":"open","sticky":false,"template":"","format":"standard","meta":{"footnotes":""},"categories":[8],"tags":[],"class_list":["post-134132","post","type-post","status-publish","format-standard","has-post-thumbnail","hentry","category-politica"],"_links":{"self":[{"href":"https:\/\/iparaiba.com.br\/index.php\/wp-json\/wp\/v2\/posts\/134132","targetHints":{"allow":["GET"]}}],"collection":[{"href":"https:\/\/iparaiba.com.br\/index.php\/wp-json\/wp\/v2\/posts"}],"about":[{"href":"https:\/\/iparaiba.com.br\/index.php\/wp-json\/wp\/v2\/types\/post"}],"author":[{"embeddable":true,"href":"https:\/\/iparaiba.com.br\/index.php\/wp-json\/wp\/v2\/users\/1"}],"replies":[{"embeddable":true,"href":"https:\/\/iparaiba.com.br\/index.php\/wp-json\/wp\/v2\/comments?post=134132"}],"version-history":[{"count":1,"href":"https:\/\/iparaiba.com.br\/index.php\/wp-json\/wp\/v2\/posts\/134132\/revisions"}],"predecessor-version":[{"id":134174,"href":"https:\/\/iparaiba.com.br\/index.php\/wp-json\/wp\/v2\/posts\/134132\/revisions\/134174"}],"wp:featuredmedia":[{"embeddable":true,"href":"https:\/\/iparaiba.com.br\/index.php\/wp-json\/wp\/v2\/media\/99413"}],"wp:attachment":[{"href":"https:\/\/iparaiba.com.br\/index.php\/wp-json\/wp\/v2\/media?parent=134132"}],"wp:term":[{"taxonomy":"category","embeddable":true,"href":"https:\/\/iparaiba.com.br\/index.php\/wp-json\/wp\/v2\/categories?post=134132"},{"taxonomy":"post_tag","embeddable":true,"href":"https:\/\/iparaiba.com.br\/index.php\/wp-json\/wp\/v2\/tags?post=134132"}],"curies":[{"name":"wp","href":"https:\/\/api.w.org\/{rel}","templated":true}]}}