{"id":134131,"date":"2024-12-17T08:00:36","date_gmt":"2024-12-17T11:00:36","guid":{"rendered":"https:\/\/onordeste.com.br\/?p=134123"},"modified":"2024-12-17T08:00:36","modified_gmt":"2024-12-17T11:00:36","slug":"detran-pb-promove-ultimos-leiloes","status":"publish","type":"post","link":"https:\/\/iparaiba.com.br\/index.php\/2024\/12\/17\/detran-pb-promove-ultimos-leiloes\/","title":{"rendered":"Detran-PB promove \u00faltimos leil\u00f5es"},"content":{"rendered":"<p>O Departamento Estadual de Tr\u00e2nsito da Para\u00edba (Detran-PB) realiza novos leil\u00f5es eletr\u00f4nicos nos dias 26, 27 e 30 deste m\u00eas, disponibilizando 485 ve\u00edculos apreendidos e n\u00e3o resgatados nos munic\u00edpios de Jo\u00e3o Pessoa e Santa Rita. A visita\u00e7\u00e3o para inspe\u00e7\u00e3o presencial dos interessados come\u00e7a nesta ter\u00e7a-feira (17) at\u00e9 a sexta-feira (20), nos respectivos locais indicados nos editais.<\/p>\n<p>Os leil\u00f5es, exclusivamente na modalidade on-line, disponibilizam ve\u00edculos classificados como \u201cconservados\u201d, como \u201csucatas aproveit\u00e1veis\u201d e como \u201csucatas aproveit\u00e1veis com motor inserv\u00edvel\u201d, apreendidos e removidos aos p\u00e1tios desses munic\u00edpios por circularem em desacordo com o que disciplina o C\u00f3digo de Tr\u00e2nsito Brasileiro (CTB).<\/p>\n<p>De acordo com os editais 51, 52, 53 e 54 de 2024, os eventos ocorrer\u00e3o por meio do site do leiloeiro oficial www.abrantesleiloes.com, onde se encontram as imagens dos ve\u00edculos para visita\u00e7\u00e3o virtual e oferta de lances.<\/p>\n<p>A transmiss\u00e3o dos dados desses bens ocorre de forma eletr\u00f4nica, sem uso de papel, e o pagamento das despesas previstas em lei tamb\u00e9m \u00e9 autom\u00e1tico, proporcionando mais seguran\u00e7a e transpar\u00eancia a todo o processo.<\/p>\n<p>Para participar do leil\u00e3o de forma on-line basta acessar o site indicado, realizar o cadastro e ofertar seus lances via internet, acompanhando os lances de terceiros. Ainda de acordo com os editais, o valor m\u00ednimo de venda do ve\u00edculo deve ser igual ou maior que o valor da avalia\u00e7\u00e3o.<\/p>\n<p>Tanto pessoa f\u00edsica quanto jur\u00eddica podem participar do leil\u00e3o, desde que preencham os requisitos contidos nos editais, dispon\u00edveis no site www.detran.pb.gov.br.<\/p>\n<p>Para visualizar, basta entrar no \u00edcone \u2018LEIL\u00c3O\u2019, depois clicar em \u2018Leil\u00f5es 2024\u2019 e, em seguida, escolher qual deseja consultar, de acordo com os n\u00fameros dos editais.<\/p>\n","protected":false},"excerpt":{"rendered":"<p>O Departamento Estadual de Tr\u00e2nsito da Para\u00edba (Detran-PB) realiza novos leil\u00f5es eletr\u00f4nicos nos dias 26, 27 e 30 deste m\u00eas, disponibilizando 485 ve\u00edculos apreendidos e n\u00e3o resgatados nos munic\u00edpios de Jo\u00e3o Pessoa e Santa Rita. A visita\u00e7\u00e3o para inspe\u00e7\u00e3o presencial dos interessados come\u00e7a nesta ter\u00e7a-feira (17) at\u00e9 a sexta-feira (20), nos respectivos locais indicados nos &hellip;<\/p>\n","protected":false},"author":1,"featured_media":97342,"comment_status":"open","ping_status":"open","sticky":false,"template":"","format":"standard","meta":{"footnotes":""},"categories":[3],"tags":[],"class_list":["post-134131","post","type-post","status-publish","format-standard","has-post-thumbnail","hentry","category-nordeste"],"_links":{"self":[{"href":"https:\/\/iparaiba.com.br\/index.php\/wp-json\/wp\/v2\/posts\/134131","targetHints":{"allow":["GET"]}}],"collection":[{"href":"https:\/\/iparaiba.com.br\/index.php\/wp-json\/wp\/v2\/posts"}],"about":[{"href":"https:\/\/iparaiba.com.br\/index.php\/wp-json\/wp\/v2\/types\/post"}],"author":[{"embeddable":true,"href":"https:\/\/iparaiba.com.br\/index.php\/wp-json\/wp\/v2\/users\/1"}],"replies":[{"embeddable":true,"href":"https:\/\/iparaiba.com.br\/index.php\/wp-json\/wp\/v2\/comments?post=134131"}],"version-history":[{"count":1,"href":"https:\/\/iparaiba.com.br\/index.php\/wp-json\/wp\/v2\/posts\/134131\/revisions"}],"predecessor-version":[{"id":134173,"href":"https:\/\/iparaiba.com.br\/index.php\/wp-json\/wp\/v2\/posts\/134131\/revisions\/134173"}],"wp:featuredmedia":[{"embeddable":true,"href":"https:\/\/iparaiba.com.br\/index.php\/wp-json\/wp\/v2\/media\/97342"}],"wp:attachment":[{"href":"https:\/\/iparaiba.com.br\/index.php\/wp-json\/wp\/v2\/media?parent=134131"}],"wp:term":[{"taxonomy":"category","embeddable":true,"href":"https:\/\/iparaiba.com.br\/index.php\/wp-json\/wp\/v2\/categories?post=134131"},{"taxonomy":"post_tag","embeddable":true,"href":"https:\/\/iparaiba.com.br\/index.php\/wp-json\/wp\/v2\/tags?post=134131"}],"curies":[{"name":"wp","href":"https:\/\/api.w.org\/{rel}","templated":true}]}}