{"id":134130,"date":"2024-12-17T06:00:12","date_gmt":"2024-12-17T09:00:12","guid":{"rendered":"https:\/\/onordeste.com.br\/?p=134121"},"modified":"2024-12-17T06:00:12","modified_gmt":"2024-12-17T09:00:12","slug":"mercado-financeiro-eleva-previsao-da-inflacao","status":"publish","type":"post","link":"https:\/\/iparaiba.com.br\/index.php\/2024\/12\/17\/mercado-financeiro-eleva-previsao-da-inflacao\/","title":{"rendered":"Mercado financeiro eleva previs\u00e3o da infla\u00e7\u00e3o"},"content":{"rendered":"<p>A previs\u00e3o do mercado financeiro para o \u00cdndice Nacional de Pre\u00e7os ao Consumidor Amplo (IPCA) \u2013 considerado a infla\u00e7\u00e3o oficial do pa\u00eds \u2013 passou de 4,84% para 4,89% este ano. A estimativa est\u00e1 no Boletim Focus desta segunda-feira (16), pesquisa divulgada semanalmente pelo Banco Central (BC) com a expectativa de institui\u00e7\u00f5es financeiras para os principais indicadores econ\u00f4micos.<\/p>\n<p>Para 2025, a proje\u00e7\u00e3o da infla\u00e7\u00e3o tamb\u00e9m subiu de 4,59% para 4,6%. Para 2026 e 2027, as previs\u00f5es s\u00e3o de 4% e 3,66%, respectivamente.<\/p>\n<p>A estimativa para 2024 est\u00e1 acima do teto da meta de infla\u00e7\u00e3o que deve ser perseguida pelo BC. Definida pelo Conselho Monet\u00e1rio Nacional (CMN), a meta \u00e9 de 3% para este ano, com intervalo de toler\u00e2ncia de 1,5 ponto percentual para cima ou para baixo. Ou seja, o limite inferior \u00e9 1,5% e o superior 4,5%.<\/p>\n<p>A partir de 2025, entrar\u00e1 em vigor o sistema de meta cont\u00ednua e, assim, o CMN n\u00e3o precisar\u00e1 mais definir uma meta de infla\u00e7\u00e3o a cada ano. O colegiado fixou o centro da meta cont\u00ednua em 3%, com margem de toler\u00e2ncia de 1,5 ponto percentual para cima ou para baixo.<\/p>\n<p>Em novembro, puxada principalmente pelos gastos com alimentos, a infla\u00e7\u00e3o no pa\u00eds foi de 0,39%, ap\u00f3s o IPCA ter registrado 0,56% em outubro. De acordo com o Instituto Brasileiro de Geografia e Estat\u00edstica (IBGE), em 12 meses a infla\u00e7\u00e3o acumula 4,87%.<\/p>\n<p>Juros b\u00e1sicos<br \/>\nPara alcan\u00e7ar a meta de infla\u00e7\u00e3o, o Banco Central usa como principal instrumento a taxa b\u00e1sica de juros, a Selic, definida em 12,25% ao ano pelo Comit\u00ea de Pol\u00edtica Monet\u00e1ria (Copom).<\/p>\n<p>A alta recente do d\u00f3lar e as incertezas em torno da infla\u00e7\u00e3o e da economia global fizeram o BC aumentar o ritmo de alta dos juros na \u00faltima reuni\u00e3o do ano, na quarta-feira (11) passada. O \u00f3rg\u00e3o informou que elevar\u00e1 a taxa Selic em um ponto percentual nas pr\u00f3ximas duas reuni\u00f5es, em janeiro e mar\u00e7o, caso os cen\u00e1rios se confirmem.<\/p>\n<p>Esse foi o terceiro aumento seguido da Selic e a alta consolida um ciclo de contra\u00e7\u00e3o na pol\u00edtica monet\u00e1ria. A taxa retornou ao n\u00edvel de dezembro do ano passado, quando estava em 12,25% ao ano.<\/p>\n","protected":false},"excerpt":{"rendered":"<p>A previs\u00e3o do mercado financeiro para o \u00cdndice Nacional de Pre\u00e7os ao Consumidor Amplo (IPCA) \u2013 considerado a infla\u00e7\u00e3o oficial do pa\u00eds \u2013 passou de 4,84% para 4,89% este ano. A estimativa est\u00e1 no Boletim Focus desta segunda-feira (16), pesquisa divulgada semanalmente pelo Banco Central (BC) com a expectativa de institui\u00e7\u00f5es financeiras para os principais &hellip;<\/p>\n","protected":false},"author":1,"featured_media":97828,"comment_status":"open","ping_status":"open","sticky":false,"template":"","format":"standard","meta":{"footnotes":""},"categories":[16],"tags":[],"class_list":["post-134130","post","type-post","status-publish","format-standard","has-post-thumbnail","hentry","category-economia"],"_links":{"self":[{"href":"https:\/\/iparaiba.com.br\/index.php\/wp-json\/wp\/v2\/posts\/134130","targetHints":{"allow":["GET"]}}],"collection":[{"href":"https:\/\/iparaiba.com.br\/index.php\/wp-json\/wp\/v2\/posts"}],"about":[{"href":"https:\/\/iparaiba.com.br\/index.php\/wp-json\/wp\/v2\/types\/post"}],"author":[{"embeddable":true,"href":"https:\/\/iparaiba.com.br\/index.php\/wp-json\/wp\/v2\/users\/1"}],"replies":[{"embeddable":true,"href":"https:\/\/iparaiba.com.br\/index.php\/wp-json\/wp\/v2\/comments?post=134130"}],"version-history":[{"count":1,"href":"https:\/\/iparaiba.com.br\/index.php\/wp-json\/wp\/v2\/posts\/134130\/revisions"}],"predecessor-version":[{"id":134172,"href":"https:\/\/iparaiba.com.br\/index.php\/wp-json\/wp\/v2\/posts\/134130\/revisions\/134172"}],"wp:featuredmedia":[{"embeddable":true,"href":"https:\/\/iparaiba.com.br\/index.php\/wp-json\/wp\/v2\/media\/97828"}],"wp:attachment":[{"href":"https:\/\/iparaiba.com.br\/index.php\/wp-json\/wp\/v2\/media?parent=134130"}],"wp:term":[{"taxonomy":"category","embeddable":true,"href":"https:\/\/iparaiba.com.br\/index.php\/wp-json\/wp\/v2\/categories?post=134130"},{"taxonomy":"post_tag","embeddable":true,"href":"https:\/\/iparaiba.com.br\/index.php\/wp-json\/wp\/v2\/tags?post=134130"}],"curies":[{"name":"wp","href":"https:\/\/api.w.org\/{rel}","templated":true}]}}