{"id":134118,"date":"2024-12-09T18:32:10","date_gmt":"2024-12-09T21:32:10","guid":{"rendered":"https:\/\/onordeste.com.br\/?p=134090"},"modified":"2024-12-09T18:32:10","modified_gmt":"2024-12-09T21:32:10","slug":"42o-eou-questao-43-da-prova-objetiva-e-anulada-e-gabarito-preliminar-alterado","status":"publish","type":"post","link":"https:\/\/iparaiba.com.br\/index.php\/2024\/12\/09\/42o-eou-questao-43-da-prova-objetiva-e-anulada-e-gabarito-preliminar-alterado\/","title":{"rendered":"42\u00ba EOU: quest\u00e3o 43 da prova objetiva \u00e9 anulada e gabarito preliminar alterado"},"content":{"rendered":"<p>A Coordena\u00e7\u00e3o Nacional de Exame de Ordem Unificado (EOU) e a Comiss\u00e3o Nacional de Exame de Ordem comunicam a anula\u00e7\u00e3o da quest\u00e3o 43 do caderno tipo 1 da prova objetiva (1\u00aa fase) do 42\u00ba EOU.<\/p>\n<p><a href=\"https:\/\/s.oab.org.br\/arquivos\/2024\/12\/8bfb0cfc-c81e-405e-afde-c4c3642cf8cd.pdf\" target=\"_blank\" rel=\"noopener\">Confira o gabarito preliminar alterado<\/a><\/p>\n","protected":false},"excerpt":{"rendered":"<p>A Coordena\u00e7\u00e3o Nacional de Exame de Ordem Unificado (EOU) e a Comiss\u00e3o Nacional de Exame de Ordem comunicam a anula\u00e7\u00e3o da quest\u00e3o 43 do caderno tipo 1 da prova objetiva (1\u00aa fase) do 42\u00ba EOU. Confira o gabarito preliminar alterado<\/p>\n","protected":false},"author":1,"featured_media":107582,"comment_status":"open","ping_status":"open","sticky":false,"template":"","format":"standard","meta":{"footnotes":""},"categories":[11],"tags":[],"class_list":["post-134118","post","type-post","status-publish","format-standard","has-post-thumbnail","hentry","category-educacao"],"_links":{"self":[{"href":"https:\/\/iparaiba.com.br\/index.php\/wp-json\/wp\/v2\/posts\/134118","targetHints":{"allow":["GET"]}}],"collection":[{"href":"https:\/\/iparaiba.com.br\/index.php\/wp-json\/wp\/v2\/posts"}],"about":[{"href":"https:\/\/iparaiba.com.br\/index.php\/wp-json\/wp\/v2\/types\/post"}],"author":[{"embeddable":true,"href":"https:\/\/iparaiba.com.br\/index.php\/wp-json\/wp\/v2\/users\/1"}],"replies":[{"embeddable":true,"href":"https:\/\/iparaiba.com.br\/index.php\/wp-json\/wp\/v2\/comments?post=134118"}],"version-history":[{"count":0,"href":"https:\/\/iparaiba.com.br\/index.php\/wp-json\/wp\/v2\/posts\/134118\/revisions"}],"wp:featuredmedia":[{"embeddable":true,"href":"https:\/\/iparaiba.com.br\/index.php\/wp-json\/wp\/v2\/media\/107582"}],"wp:attachment":[{"href":"https:\/\/iparaiba.com.br\/index.php\/wp-json\/wp\/v2\/media?parent=134118"}],"wp:term":[{"taxonomy":"category","embeddable":true,"href":"https:\/\/iparaiba.com.br\/index.php\/wp-json\/wp\/v2\/categories?post=134118"},{"taxonomy":"post_tag","embeddable":true,"href":"https:\/\/iparaiba.com.br\/index.php\/wp-json\/wp\/v2\/tags?post=134118"}],"curies":[{"name":"wp","href":"https:\/\/api.w.org\/{rel}","templated":true}]}}