{"id":134117,"date":"2024-12-09T18:28:05","date_gmt":"2024-12-09T21:28:05","guid":{"rendered":"https:\/\/onordeste.com.br\/?p=134086"},"modified":"2024-12-09T18:28:05","modified_gmt":"2024-12-09T21:28:05","slug":"tjpb-suspende-dispositivos-de-lei-municipal","status":"publish","type":"post","link":"https:\/\/iparaiba.com.br\/index.php\/2024\/12\/09\/tjpb-suspende-dispositivos-de-lei-municipal\/","title":{"rendered":"TJPB suspende dispositivos de lei municipal"},"content":{"rendered":"<p>Em sess\u00e3o virtual, o Pleno do Tribunal de Justi\u00e7a da Para\u00edba concedeu, parcialmente, medida cautelar em uma A\u00e7\u00e3o Direta de Inconstitucionalidade (ADI) proposta pelo Minist\u00e9rio P\u00fablico do Estado da Para\u00edba. A a\u00e7\u00e3o, que questiona a constitucionalidade de dispositivos da Lei 487\/2014 do munic\u00edpio de S\u00e3o Sebasti\u00e3o de Lagoa de Ro\u00e7a, resultou na suspens\u00e3o de diversos trechos da norma, considerados incompat\u00edveis com a Constitui\u00e7\u00e3o Federal.<\/p>\n<p>O relator do processo, desembargador Francisco Ser\u00e1phico Ferraz da N\u00f3brega Filho, destacou que os dispositivos impugnados \u2014 incisos VI, VII, VIII, IX e X do art. 4\u00ba, bem como parte do inciso II do art. 5\u00ba \u2014 autorizavam contrata\u00e7\u00f5es tempor\u00e1rias para situa\u00e7\u00f5es que, na vis\u00e3o do Tribunal, n\u00e3o configuravam excepcionalidade necess\u00e1ria, subvertendo a regra do concurso p\u00fablico.<\/p>\n<p>Entre os trechos suspensos est\u00e3o autoriza\u00e7\u00f5es para: Administra\u00e7\u00e3o de pessoal em programas financiados por entes p\u00fablicos; contrata\u00e7\u00e3o de servi\u00e7os essenciais \u00e0 sa\u00fade municipal; execu\u00e7\u00e3o de conv\u00eanios de interesse p\u00fablico; realiza\u00e7\u00e3o de recenseamentos e coletas de dados; e situa\u00e7\u00f5es urgentes definidas por lei ou regulamento.<\/p>\n<p>O relator destacou que as situa\u00e7\u00f5es previstas nos dispositivos s\u00e3o corriqueiras e exigem planejamento adequado por parte do munic\u00edpio para a realiza\u00e7\u00e3o de concursos p\u00fablicos peri\u00f3dicos, em conformidade com os princ\u00edpios da legalidade e da moralidade administrativa.<\/p>\n","protected":false},"excerpt":{"rendered":"<p>Em sess\u00e3o virtual, o Pleno do Tribunal de Justi\u00e7a da Para\u00edba concedeu, parcialmente, medida cautelar em uma A\u00e7\u00e3o Direta de Inconstitucionalidade (ADI) proposta pelo Minist\u00e9rio P\u00fablico do Estado da Para\u00edba. A a\u00e7\u00e3o, que questiona a constitucionalidade de dispositivos da Lei 487\/2014 do munic\u00edpio de S\u00e3o Sebasti\u00e3o de Lagoa de Ro\u00e7a, resultou na suspens\u00e3o de diversos &hellip;<\/p>\n","protected":false},"author":1,"featured_media":101416,"comment_status":"open","ping_status":"open","sticky":false,"template":"","format":"standard","meta":{"footnotes":""},"categories":[9],"tags":[],"class_list":["post-134117","post","type-post","status-publish","format-standard","has-post-thumbnail","hentry","category-justica"],"_links":{"self":[{"href":"https:\/\/iparaiba.com.br\/index.php\/wp-json\/wp\/v2\/posts\/134117","targetHints":{"allow":["GET"]}}],"collection":[{"href":"https:\/\/iparaiba.com.br\/index.php\/wp-json\/wp\/v2\/posts"}],"about":[{"href":"https:\/\/iparaiba.com.br\/index.php\/wp-json\/wp\/v2\/types\/post"}],"author":[{"embeddable":true,"href":"https:\/\/iparaiba.com.br\/index.php\/wp-json\/wp\/v2\/users\/1"}],"replies":[{"embeddable":true,"href":"https:\/\/iparaiba.com.br\/index.php\/wp-json\/wp\/v2\/comments?post=134117"}],"version-history":[{"count":0,"href":"https:\/\/iparaiba.com.br\/index.php\/wp-json\/wp\/v2\/posts\/134117\/revisions"}],"wp:featuredmedia":[{"embeddable":true,"href":"https:\/\/iparaiba.com.br\/index.php\/wp-json\/wp\/v2\/media\/101416"}],"wp:attachment":[{"href":"https:\/\/iparaiba.com.br\/index.php\/wp-json\/wp\/v2\/media?parent=134117"}],"wp:term":[{"taxonomy":"category","embeddable":true,"href":"https:\/\/iparaiba.com.br\/index.php\/wp-json\/wp\/v2\/categories?post=134117"},{"taxonomy":"post_tag","embeddable":true,"href":"https:\/\/iparaiba.com.br\/index.php\/wp-json\/wp\/v2\/tags?post=134117"}],"curies":[{"name":"wp","href":"https:\/\/api.w.org\/{rel}","templated":true}]}}