{"id":134114,"date":"2024-12-10T14:00:17","date_gmt":"2024-12-10T17:00:17","guid":{"rendered":"https:\/\/onordeste.com.br\/?p=134103"},"modified":"2024-12-10T14:00:17","modified_gmt":"2024-12-10T17:00:17","slug":"acatada-entrada-franca-de-acompanhante-de-pessoas-com-deficiencia","status":"publish","type":"post","link":"https:\/\/iparaiba.com.br\/index.php\/2024\/12\/10\/acatada-entrada-franca-de-acompanhante-de-pessoas-com-deficiencia\/","title":{"rendered":"Acatada entrada franca de acompanhante de pessoas com defici\u00eancia"},"content":{"rendered":"<p align=\"justify\">A Comiss\u00e3o de Cidadania, Direitos Humanos e Defesa do Consumidor (CCDHDC), na reuni\u00e3o desta segunda-feira (9), foi favor\u00e1vel \u00e0 entrada franca de acompanhante de pessoas com defici\u00eancia em locais destinados \u00e0 divers\u00e3o, esporte, artes e cultura. O Colegiado tamb\u00e9m acatou a Pol\u00edtica Municipal de Conscientiza\u00e7\u00e3o sobre a Prote\u00e7\u00e3o Infantil.<\/p>\n<p align=\"justify\">O PLO\u00a0<u><a href=\"https:\/\/sapl.joaopessoa.pb.leg.br\/materia\/pesquisar-materia?tipo=1&amp;ementa=&amp;numero=1560&amp;numeracao__numero_materia=&amp;numero_protocolo=&amp;ano=2023&amp;autoria__autor=&amp;autoria__primeiro_autor=unknown&amp;autoria__autor__tipo=&amp;autoria__autor__parlamentar_set__filiacao__partido=&amp;o=&amp;tipo_listagem=1&amp;tipo_origem_externa=&amp;numero_origem_externa=&amp;ano_origem_externa=&amp;data_origem_externa_0=&amp;data_origem_externa_1=&amp;local_origem_externa=&amp;data_apresentacao_0=&amp;data_apresentacao_1=&amp;data_publicacao_0=&amp;data_publicacao_1=&amp;relatoria__parlamentar_id=&amp;em_tramitacao=&amp;tramitacao__unidade_tramitacao_destino=&amp;tramitacao__status=&amp;materiaassunto__assunto=&amp;indexacao=&amp;regime_tramitacao=&amp;salvar=Pesquisar\" target=\"_blank\" rel=\"noopener\" data-saferedirecturl=\"https:\/\/www.google.com\/url?q=https:\/\/sapl.joaopessoa.pb.leg.br\/materia\/pesquisar-materia?tipo%3D1%26ementa%3D%26numero%3D1560%26numeracao__numero_materia%3D%26numero_protocolo%3D%26ano%3D2023%26autoria__autor%3D%26autoria__primeiro_autor%3Dunknown%26autoria__autor__tipo%3D%26autoria__autor__parlamentar_set__filiacao__partido%3D%26o%3D%26tipo_listagem%3D1%26tipo_origem_externa%3D%26numero_origem_externa%3D%26ano_origem_externa%3D%26data_origem_externa_0%3D%26data_origem_externa_1%3D%26local_origem_externa%3D%26data_apresentacao_0%3D%26data_apresentacao_1%3D%26data_publicacao_0%3D%26data_publicacao_1%3D%26relatoria__parlamentar_id%3D%26em_tramitacao%3D%26tramitacao__unidade_tramitacao_destino%3D%26tramitacao__status%3D%26materiaassunto__assunto%3D%26indexacao%3D%26regime_tramitacao%3D%26salvar%3DPesquisar&amp;source=gmail&amp;ust=1733866154726000&amp;usg=AOvVaw0pqxKj2HFGry1Eyk_D6S2r\">1560\/2023<\/a><\/u>, de Marmuthe Cavalcanti (Republicanos), acatado, disp\u00f5e sobre a entrada franca de acompanhante de pessoas com defici\u00eancia em locais destinados \u00e0 divers\u00e3o, espet\u00e1culos teatrais, musicais e circenses, exibi\u00e7\u00f5es cinematogr\u00e1ficas, atra\u00e7\u00f5es ou eventos esportivos e art\u00edsticos em geral na cidade de Jo\u00e3o Pessoa. O objetivo \u00e9 assegurar a gratuidade de acesso em eventos que ocorram no Munic\u00edpio para o acompanhante da pessoa com defici\u00eancia, que por vezes, precisa de um apoio para se locomover e estar em determinado ambiente de modo mais seguro e confort\u00e1vel.<\/p>\n<p align=\"justify\">De acordo com o documento, ser\u00e1 destinada uma ocupa\u00e7\u00e3o m\u00e1xima de 5% da capacidade total de p\u00fablico de cada evento, sess\u00e3o, espet\u00e1culo, apresenta\u00e7\u00e3o cultural, art\u00edstica ou musical, a ser preenchida por acompanhantes de pessoas com defici\u00eancia que poder\u00e3o usufruir da gratuidade de entrada. Caso esse quantitativo seja superado, os acompanhantes ser\u00e3o beneficiados com a meia-entrada. O estabelecimento que descumprir a norma poder\u00e1 receber multa equivalente a 200 Ufir\/JP (Unidade Fiscal de Refer\u00eancia do Munic\u00edpio de Jo\u00e3o Pessoa) e, em caso de reincid\u00eancia, a multa ser\u00e1 aplicada em dobro. J\u00e1 a comprova\u00e7\u00e3o da condi\u00e7\u00e3o de deficiente que garante esses benef\u00edcios poder\u00e1 ser aferida atrav\u00e9s da apresenta\u00e7\u00e3o de cart\u00e3o\/carteira emitida por \u00f3rg\u00e3o competente a identifica\u00e7\u00e3o da pessoa com defici\u00eancia, ou laudo m\u00e9dico atualizado que ateste a defici\u00eancia.<\/p>\n<p align=\"justify\">\u201cOportunizar que o acompanhante possa acessar de modo gratuito os eventos culturais e de lazer \u00e9 uma pol\u00edtica de respeito e inclus\u00e3o \u00e0 pessoa com defici\u00eancia, que, a partir de ent\u00e3o, ter\u00e1 condi\u00e7\u00f5es de se sentir mais resguardada. O lazer \u00e9 um direito social e n\u00e3o pode ser segregado ou inviabilizado. Por isso, pol\u00edticas p\u00fablicas que garantam inclus\u00e3o, dignidade e cultura, tanto quanto poss\u00edveis e aplic\u00e1veis, devem ser apoiadas e praticadas. Proporcionar inclus\u00e3o, justi\u00e7a social e mais dignidade para as pessoas com defici\u00eancia tem sido uma das nossas principais bandeiras de luta\u201d, defendeu o propositor em sua justificativa.<\/p>\n<p align=\"justify\">O outro projeto que recebeu parecer favor\u00e1vel foi o PLO\u00a0<u><a href=\"https:\/\/sapl.joaopessoa.pb.leg.br\/materia\/pesquisar-materia?tipo=1&amp;ementa=&amp;numero=1978&amp;numeracao__numero_materia=&amp;numero_protocolo=&amp;ano=2024&amp;autoria__autor\" target=\"_blank\" rel=\"noopener\" data-saferedirecturl=\"https:\/\/www.google.com\/url?q=https:\/\/sapl.joaopessoa.pb.leg.br\/materia\/pesquisar-materia?tipo%3D1%26ementa%3D%26numero%3D1978%26numeracao__numero_materia%3D%26numero_protocolo%3D%26ano%3D2024%26autoria__autor&amp;source=gmail&amp;ust=1733866154726000&amp;usg=AOvVaw1-EUv78qrYqU2WtMNn6c4n\">1978\/2024<\/a><\/u>, de Zezinho Botafogo (PSB), que determina a implanta\u00e7\u00e3o da Pol\u00edtica Municipal de Conscientiza\u00e7\u00e3o sobre a Prote\u00e7\u00e3o Infantil, com o objetivo de sensibilizar a popula\u00e7\u00e3o acerca dos direitos e cuidados fundamentais das crian\u00e7as, sendo promovida por meio de a\u00e7\u00f5es de conscientiza\u00e7\u00e3o, campanhas educativas, eventos e programas que visem informar a popula\u00e7\u00e3o sobre a import\u00e2ncia da prote\u00e7\u00e3o infantil.<\/p>\n<p align=\"justify\">CMJP<\/p>\n","protected":false},"excerpt":{"rendered":"<p>A Comiss\u00e3o de Cidadania, Direitos Humanos e Defesa do Consumidor (CCDHDC), na reuni\u00e3o desta segunda-feira (9), foi favor\u00e1vel \u00e0 entrada franca de acompanhante de pessoas com defici\u00eancia em locais destinados \u00e0 divers\u00e3o, esporte, artes e cultura. O Colegiado tamb\u00e9m acatou a Pol\u00edtica Municipal de Conscientiza\u00e7\u00e3o sobre a Prote\u00e7\u00e3o Infantil. O PLO\u00a01560\/2023, de Marmuthe Cavalcanti (Republicanos), &hellip;<\/p>\n","protected":false},"author":1,"featured_media":134087,"comment_status":"open","ping_status":"open","sticky":false,"template":"","format":"standard","meta":{"footnotes":""},"categories":[15],"tags":[],"class_list":["post-134114","post","type-post","status-publish","format-standard","has-post-thumbnail","hentry","category-links"],"_links":{"self":[{"href":"https:\/\/iparaiba.com.br\/index.php\/wp-json\/wp\/v2\/posts\/134114","targetHints":{"allow":["GET"]}}],"collection":[{"href":"https:\/\/iparaiba.com.br\/index.php\/wp-json\/wp\/v2\/posts"}],"about":[{"href":"https:\/\/iparaiba.com.br\/index.php\/wp-json\/wp\/v2\/types\/post"}],"author":[{"embeddable":true,"href":"https:\/\/iparaiba.com.br\/index.php\/wp-json\/wp\/v2\/users\/1"}],"replies":[{"embeddable":true,"href":"https:\/\/iparaiba.com.br\/index.php\/wp-json\/wp\/v2\/comments?post=134114"}],"version-history":[{"count":1,"href":"https:\/\/iparaiba.com.br\/index.php\/wp-json\/wp\/v2\/posts\/134114\/revisions"}],"predecessor-version":[{"id":134124,"href":"https:\/\/iparaiba.com.br\/index.php\/wp-json\/wp\/v2\/posts\/134114\/revisions\/134124"}],"wp:featuredmedia":[{"embeddable":true,"href":"https:\/\/iparaiba.com.br\/index.php\/wp-json\/wp\/v2\/media\/134087"}],"wp:attachment":[{"href":"https:\/\/iparaiba.com.br\/index.php\/wp-json\/wp\/v2\/media?parent=134114"}],"wp:term":[{"taxonomy":"category","embeddable":true,"href":"https:\/\/iparaiba.com.br\/index.php\/wp-json\/wp\/v2\/categories?post=134114"},{"taxonomy":"post_tag","embeddable":true,"href":"https:\/\/iparaiba.com.br\/index.php\/wp-json\/wp\/v2\/tags?post=134114"}],"curies":[{"name":"wp","href":"https:\/\/api.w.org\/{rel}","templated":true}]}}