{"id":134112,"date":"2024-12-10T10:00:15","date_gmt":"2024-12-10T13:00:15","guid":{"rendered":"https:\/\/onordeste.com.br\/?p=134099"},"modified":"2024-12-10T10:00:15","modified_gmt":"2024-12-10T13:00:15","slug":"casa-do-empreendedor-recebe-premio-referencia-em-atendimento-ouro","status":"publish","type":"post","link":"https:\/\/iparaiba.com.br\/index.php\/2024\/12\/10\/casa-do-empreendedor-recebe-premio-referencia-em-atendimento-ouro\/","title":{"rendered":"Casa do Empreendedor recebe pr\u00eamio Refer\u00eancia em Atendimento Ouro"},"content":{"rendered":"<p>A Casa do Empreendedor de Campina Grande foi reconhecida nesta ter\u00e7a-feira, 03, com o cobi\u00e7ado pr\u00eamio Refer\u00eancia em Atendimento Ouro do Sebrae, que destaca as iniciativas de maior impacto e excel\u00eancia no atendimento ao p\u00fablico em 2024. A premia\u00e7\u00e3o ocorreu durante o F\u00f3rum de Educa\u00e7\u00e3o Empreendedora e Pol\u00edticas P\u00fablicas, no Garden Hotel, em Campina Grande.<\/p>\n<p>O evento, que reuniu professores, gestores escolares e l\u00edderes do poder p\u00fablico, tem como objetivo fortalecer o ecossistema educacional e empreendedor por meio da troca de experi\u00eancias e conhecimentos. A proposta \u00e9 fomentar a constru\u00e7\u00e3o de um ambiente inclusivo, sustent\u00e1vel e voltado para o desenvolvimento econ\u00f4mico e social.<\/p>\n<p>A Ag\u00eancia Municipal de Desenvolvimento (Amde) respons\u00e1vel pela gest\u00e3o da Casa do Empreendedor, recebeu o Selo de Refer\u00eancia em Atendimento Ouro do Sebrae \u00a0que reconhece o compromisso da equipe com um atendimento diferenciado e de excel\u00eancia, que tem sido essencial para o fortalecimento do empreendedorismo local.<\/p>\n<p>De acordo Emerson Cabral presidente da Amde, a premia\u00e7\u00e3o \u00e9 uma conquista coletiva e um reflexo do trabalho \u00e1rduo e da dedica\u00e7\u00e3o dos profissionais que atuam na Casa do Empreendedor. &#8220;Essa conquista refor\u00e7a nossa miss\u00e3o de apoiar o desenvolvimento de neg\u00f3cios e oferecer um atendimento que vai al\u00e9m do esperado, sempre priorizando as necessidades do p\u00fablico&#8221;, destacou.<\/p>\n<p>O evento \u00e9 um marco importante para Campina Grande, consolidando o munic\u00edpio como refer\u00eancia em atendimento e iniciativas empreendedoras no Brasil.<\/p>\n","protected":false},"excerpt":{"rendered":"<p>A Casa do Empreendedor de Campina Grande foi reconhecida nesta ter\u00e7a-feira, 03, com o cobi\u00e7ado pr\u00eamio Refer\u00eancia em Atendimento Ouro do Sebrae, que destaca as iniciativas de maior impacto e excel\u00eancia no atendimento ao p\u00fablico em 2024. A premia\u00e7\u00e3o ocorreu durante o F\u00f3rum de Educa\u00e7\u00e3o Empreendedora e Pol\u00edticas P\u00fablicas, no Garden Hotel, em Campina Grande. &hellip;<\/p>\n","protected":false},"author":1,"featured_media":109440,"comment_status":"open","ping_status":"open","sticky":false,"template":"","format":"standard","meta":{"footnotes":""},"categories":[6],"tags":[],"class_list":["post-134112","post","type-post","status-publish","format-standard","has-post-thumbnail","hentry","category-destaques"],"_links":{"self":[{"href":"https:\/\/iparaiba.com.br\/index.php\/wp-json\/wp\/v2\/posts\/134112","targetHints":{"allow":["GET"]}}],"collection":[{"href":"https:\/\/iparaiba.com.br\/index.php\/wp-json\/wp\/v2\/posts"}],"about":[{"href":"https:\/\/iparaiba.com.br\/index.php\/wp-json\/wp\/v2\/types\/post"}],"author":[{"embeddable":true,"href":"https:\/\/iparaiba.com.br\/index.php\/wp-json\/wp\/v2\/users\/1"}],"replies":[{"embeddable":true,"href":"https:\/\/iparaiba.com.br\/index.php\/wp-json\/wp\/v2\/comments?post=134112"}],"version-history":[{"count":1,"href":"https:\/\/iparaiba.com.br\/index.php\/wp-json\/wp\/v2\/posts\/134112\/revisions"}],"predecessor-version":[{"id":134122,"href":"https:\/\/iparaiba.com.br\/index.php\/wp-json\/wp\/v2\/posts\/134112\/revisions\/134122"}],"wp:featuredmedia":[{"embeddable":true,"href":"https:\/\/iparaiba.com.br\/index.php\/wp-json\/wp\/v2\/media\/109440"}],"wp:attachment":[{"href":"https:\/\/iparaiba.com.br\/index.php\/wp-json\/wp\/v2\/media?parent=134112"}],"wp:term":[{"taxonomy":"category","embeddable":true,"href":"https:\/\/iparaiba.com.br\/index.php\/wp-json\/wp\/v2\/categories?post=134112"},{"taxonomy":"post_tag","embeddable":true,"href":"https:\/\/iparaiba.com.br\/index.php\/wp-json\/wp\/v2\/tags?post=134112"}],"curies":[{"name":"wp","href":"https:\/\/api.w.org\/{rel}","templated":true}]}}