{"id":134111,"date":"2024-12-10T08:00:23","date_gmt":"2024-12-10T11:00:23","guid":{"rendered":"https:\/\/onordeste.com.br\/?p=134097"},"modified":"2024-12-10T08:00:23","modified_gmt":"2024-12-10T11:00:23","slug":"tcu-define-criterios-para-distribuicao-do-fundo-de-participacao-dos-municipios-em-2025","status":"publish","type":"post","link":"https:\/\/iparaiba.com.br\/index.php\/2024\/12\/10\/tcu-define-criterios-para-distribuicao-do-fundo-de-participacao-dos-municipios-em-2025\/","title":{"rendered":"TCU define crit\u00e9rios para distribui\u00e7\u00e3o do Fundo de Participa\u00e7\u00e3o dos Munic\u00edpios em 2025"},"content":{"rendered":"<div id=\"edCorpo\" class=\"noticia__detalhe_corpo\">\n<p>O Tribunal de Contas da Uni\u00e3o (TCU) aprovou anteprojeto de\u00a0<strong>decis\u00e3o normativa que fixa, para o exerc\u00edcio de 2025, as quotas de distribui\u00e7\u00e3o do Fundo de Participa\u00e7\u00e3o dos Munic\u00edpios (FPM)\u00a0<\/strong>previstas na Constitui\u00e7\u00e3o Federal.<\/p>\n<p>A partir dos dados de popula\u00e7\u00e3o e renda per capita,<strong>\u00a0o Tribunal realizou o c\u00e1lculo do Coeficiente Individual do FPM (CIFPM) para cada municipalidade.<\/strong>\u00a0Os Anexos IV, V e IX do anteprojeto de decis\u00e3o normativa apresentam as tabelas com os dados organizados pelos seguintes grupos de munic\u00edpios: \u201ccapitais\u201d, \u201creserva\u201d e \u201cinterior\u201d, respectivamente.<\/p>\n<p>A forma\u00e7\u00e3o desses tr\u00eas grupos constituintes do FPM obedece aos crit\u00e9rios estabelecidos na\u00a0<a href=\"https:\/\/www.planalto.gov.br\/ccivil_03\/leis\/l5172compilado.htm\">Lei 5.172\/1966<\/a>, em que\u00a0<strong>os recursos do fundo s\u00e3o distribu\u00eddos para os munic\u00edpios das capitais (10%) e para os do interior (90%)<\/strong>. Deste \u00faltimo percentual, s\u00e3o destinados 4% exclusivamente aos munic\u00edpios com popula\u00e7\u00e3o igual ou superior a 142.633 habitantes, integrantes do grupo reserva. Assim, em rela\u00e7\u00e3o ao total de recursos destinados ao FPM, tem-se a seguinte distribui\u00e7\u00e3o: 10% para os munic\u00edpios das capitais; 3,6% para os munic\u00edpios pertencentes ao grupo reserva; e 86,4% para os munic\u00edpios do interior.<\/p>\n<p>Os recursos do FPM das capitais e dos munic\u00edpios da reserva s\u00e3o distribu\u00eddos proporcionalmente a um coeficiente individual de participa\u00e7\u00e3o, resultante do produto dos seguintes fatores:<\/p>\n<p><strong>a)<\/strong>\u00a0fator representativo da popula\u00e7\u00e3o, estabelecido por valor que identifica a faixa em que se localiza o percentual de popula\u00e7\u00e3o de cada munic\u00edpio em rela\u00e7\u00e3o ao somat\u00f3rio de popula\u00e7\u00f5es do conjunto das capitais ou dos munic\u00edpios da reserva;<\/p>\n<p><strong>b)<\/strong>\u00a0fator representativo do inverso da renda per capita do respectivo estado.<\/p>\n<p>J\u00e1 em rela\u00e7\u00e3o aos munic\u00edpios do interior, o coeficiente individual de participa\u00e7\u00e3o deve ser fixado com base no n\u00famero de habitantes constante da tabela definida pelo\u00a0<a href=\"https:\/\/www.planalto.gov.br\/ccivil_03\/Decreto-Lei\/1965-1988\/Del1881.htm\">Decreto-Lei 1.881\/1981<\/a>, apresentada no Anexo VII do anteprojeto de decis\u00e3o normativa.<\/p>\n<p>Em decorr\u00eancia do trabalho, o Tribunal publicou a\u00a0<a href=\"https:\/\/portal.tcu.gov.br\/data\/files\/F2\/64\/E5\/BD\/B9883910FDB48339E18818A8\/documentos%20_55_%20_1_.pdf\">Decis\u00e3o Normativa-TCU 213, de 27 de novembro de 2024<\/a>, composta por dez anexos que cont\u00eam as especifica\u00e7\u00f5es dos c\u00e1lculos de cada componente do FPM.<\/p>\n<p>O relator do processo \u00e9 o ministro Antonio Anastasia.<\/p>\n<\/div>\n<div id=\"edCorpoServico\" class=\"noticia__detalhe_corpo\">\n<div id=\"edCorpoServico\" class=\"noticia__detalhe_corpo\">\n<div id=\"edCorpoServico\" class=\"noticia__detalhe_corpo\">\n<div id=\"edCorpoServico\" class=\"noticia__detalhe_corpo\">\n<p>___________________________________________<\/p>\n<p><strong>SERVI\u00c7O<\/strong><\/p>\n<p>Leia a \u00edntegra da decis\u00e3o:\u00a0<a href=\"https:\/\/pesquisa.apps.tcu.gov.br\/redireciona\/acordao-completo\/ACORDAO-COMPLETO-2690888\">Ac\u00f3rd\u00e3o 2506\/2024-Plen\u00e1rio<\/a><\/p>\n<p>Processo: TC 025.008\/2024-2<\/p>\n<\/div>\n<\/div>\n<\/div>\n<\/div>\n","protected":false},"excerpt":{"rendered":"<p>O Tribunal de Contas da Uni\u00e3o (TCU) aprovou anteprojeto de\u00a0decis\u00e3o normativa que fixa, para o exerc\u00edcio de 2025, as quotas de distribui\u00e7\u00e3o do Fundo de Participa\u00e7\u00e3o dos Munic\u00edpios (FPM)\u00a0previstas na Constitui\u00e7\u00e3o Federal. A partir dos dados de popula\u00e7\u00e3o e renda per capita,\u00a0o Tribunal realizou o c\u00e1lculo do Coeficiente Individual do FPM (CIFPM) para cada municipalidade.\u00a0Os &hellip;<\/p>\n","protected":false},"author":1,"featured_media":97620,"comment_status":"open","ping_status":"open","sticky":false,"template":"","format":"standard","meta":{"footnotes":""},"categories":[18],"tags":[],"class_list":["post-134111","post","type-post","status-publish","format-standard","has-post-thumbnail","hentry","category-brasil"],"_links":{"self":[{"href":"https:\/\/iparaiba.com.br\/index.php\/wp-json\/wp\/v2\/posts\/134111","targetHints":{"allow":["GET"]}}],"collection":[{"href":"https:\/\/iparaiba.com.br\/index.php\/wp-json\/wp\/v2\/posts"}],"about":[{"href":"https:\/\/iparaiba.com.br\/index.php\/wp-json\/wp\/v2\/types\/post"}],"author":[{"embeddable":true,"href":"https:\/\/iparaiba.com.br\/index.php\/wp-json\/wp\/v2\/users\/1"}],"replies":[{"embeddable":true,"href":"https:\/\/iparaiba.com.br\/index.php\/wp-json\/wp\/v2\/comments?post=134111"}],"version-history":[{"count":1,"href":"https:\/\/iparaiba.com.br\/index.php\/wp-json\/wp\/v2\/posts\/134111\/revisions"}],"predecessor-version":[{"id":134121,"href":"https:\/\/iparaiba.com.br\/index.php\/wp-json\/wp\/v2\/posts\/134111\/revisions\/134121"}],"wp:featuredmedia":[{"embeddable":true,"href":"https:\/\/iparaiba.com.br\/index.php\/wp-json\/wp\/v2\/media\/97620"}],"wp:attachment":[{"href":"https:\/\/iparaiba.com.br\/index.php\/wp-json\/wp\/v2\/media?parent=134111"}],"wp:term":[{"taxonomy":"category","embeddable":true,"href":"https:\/\/iparaiba.com.br\/index.php\/wp-json\/wp\/v2\/categories?post=134111"},{"taxonomy":"post_tag","embeddable":true,"href":"https:\/\/iparaiba.com.br\/index.php\/wp-json\/wp\/v2\/tags?post=134111"}],"curies":[{"name":"wp","href":"https:\/\/api.w.org\/{rel}","templated":true}]}}