{"id":134088,"date":"2024-12-09T18:30:55","date_gmt":"2024-12-09T21:30:55","guid":{"rendered":"https:\/\/onordeste.com.br\/?p=134088"},"modified":"2024-12-09T18:30:55","modified_gmt":"2024-12-09T21:30:55","slug":"intensificadas-acoes-de-combate-ao-trabalho-infantil-durante-o-natal-iluminado","status":"publish","type":"post","link":"https:\/\/iparaiba.com.br\/index.php\/2024\/12\/09\/intensificadas-acoes-de-combate-ao-trabalho-infantil-durante-o-natal-iluminado\/","title":{"rendered":"Intensificadas a\u00e7\u00f5es de combate ao trabalho infantil durante o Natal Iluminado"},"content":{"rendered":"<p style=\"font-weight: 400;\">A Prefeitura de Campina Grande, atrav\u00e9s da Secretaria Municipal de Assist\u00eancia Social (Semas), intensificou as a\u00e7\u00f5es de combate ao trabalho infantil durante o Natal Iluminado da cidade. As a\u00e7\u00f5es envolvem um stand para retirada de d\u00favidas e orienta\u00e7\u00f5es sobre a tem\u00e1tica no Parque Evaldo Cruz, por meio do Programa de Erradica\u00e7\u00e3o do Trabalho Infantil (Peti), al\u00e9m de equipes de busca ativa do Centro Pop e Ruanda nos pontos de ilumina\u00e7\u00e3o do A\u00e7ude Velho.<\/p>\n<p style=\"font-weight: 400;\">Localizado no viaduto do Parque, o stand envolve uma escala di\u00e1ria com profissionais da Semas, que conversam com as fam\u00edlias e crian\u00e7as de forma l\u00fadica, lendo e entregando livros infantis como did\u00e1tica, de forma a sensibilizar o p\u00fablico contra o trabalho infantil. A a\u00e7\u00e3o com o stand iniciou no dia 02, mas anterior \u00e0s montagens das barracas, a coordena\u00e7\u00e3o do Programa j\u00e1 havia realizado um momento de sensibiliza\u00e7\u00e3o quanto ao tema para os comerciantes.<\/p>\n<p style=\"font-weight: 400;\">Maria Farias, de 10 anos de idade, passou no stand com a tia e uma prima de sete anos, nessa quinta-feira, 05. No local, ela contou o que achou da iniciativa. \u201cEu aprendi que o trabalho de crian\u00e7as \u00e9 errado, que a gente tem que estudar e adulto quem deve trabalhar. Eu tamb\u00e9m ganhei dois livros muito legais, que vou ler em casa para aprender mais sobre novas hist\u00f3rias\u201d, contou a menina.<\/p>\n<p style=\"font-weight: 400;\">Ingrid Rodrigues, de 28 anos, tamb\u00e9m esteve no stand e disse achar as orienta\u00e7\u00f5es necess\u00e1rias. \u201cA gente vem para o Parque e vai para o A\u00e7ude Velho para passear e esquece disso, mas encontramos crian\u00e7as em sem\u00e1foros e trabalhando em outros lugares, por isso, n\u00e3o podemos ver que a vida gira em torno s\u00f3 de bons momentos, pois ainda temos muitas fam\u00edlias que precisam se estruturar e deixar suas crian\u00e7as livres para serem crian\u00e7as\u201d, disse a jovem.<\/p>\n<p style=\"font-weight: 400;\">\u201cLembrando que atrav\u00e9s da atua\u00e7\u00e3o das nossas equipes do Centro Pop e Ruanda, em trabalho itinerante, devido a grande circula\u00e7\u00e3o de p\u00fablico neste Natal, conseguimos realizar um melhor mapeamento e orienta\u00e7\u00f5es pedag\u00f3gicas alcan\u00e7ando mais fam\u00edlias, pois a tem\u00e1tica do trabalho infantil precisa ser combatida em todos os espa\u00e7os poss\u00edveis\u201d, disse Ana Cleide Rontondano, Diretora Especial de M\u00e9dia e Alta Complexidade da Semas.<\/p>\n<p style=\"font-weight: 400;\">Conforme o secret\u00e1rio da Semas, F\u00e1bio Thoma, no geral, o trabalho da Semas no Natal Iluminado s\u00f3 acrescenta ao evento. \u201cTanto nossas equipes do stand, quando as do Centro Pop e Ruanda, em trabalho intensificado nesse Natal, tem sido de muita valia para o entendimento de que nossas crian\u00e7as s\u00e3o muito importantes para o futuro, e para isso todas elas precisam ter uma inf\u00e2ncia digna\u201d, finalizou o secret\u00e1rio.<\/p>\n","protected":false},"excerpt":{"rendered":"<p>A Prefeitura de Campina Grande, atrav\u00e9s da Secretaria Municipal de Assist\u00eancia Social (Semas), intensificou as a\u00e7\u00f5es de combate ao trabalho infantil durante o Natal Iluminado da cidade. As a\u00e7\u00f5es envolvem um stand para retirada de d\u00favidas e orienta\u00e7\u00f5es sobre a tem\u00e1tica no Parque Evaldo Cruz, por meio do Programa de Erradica\u00e7\u00e3o do Trabalho Infantil (Peti), &hellip;<\/p>\n","protected":false},"author":1,"featured_media":116741,"comment_status":"open","ping_status":"open","sticky":false,"template":"","format":"standard","meta":{"footnotes":""},"categories":[15],"tags":[],"class_list":["post-134088","post","type-post","status-publish","format-standard","has-post-thumbnail","hentry","category-links"],"_links":{"self":[{"href":"https:\/\/iparaiba.com.br\/index.php\/wp-json\/wp\/v2\/posts\/134088","targetHints":{"allow":["GET"]}}],"collection":[{"href":"https:\/\/iparaiba.com.br\/index.php\/wp-json\/wp\/v2\/posts"}],"about":[{"href":"https:\/\/iparaiba.com.br\/index.php\/wp-json\/wp\/v2\/types\/post"}],"author":[{"embeddable":true,"href":"https:\/\/iparaiba.com.br\/index.php\/wp-json\/wp\/v2\/users\/1"}],"replies":[{"embeddable":true,"href":"https:\/\/iparaiba.com.br\/index.php\/wp-json\/wp\/v2\/comments?post=134088"}],"version-history":[{"count":0,"href":"https:\/\/iparaiba.com.br\/index.php\/wp-json\/wp\/v2\/posts\/134088\/revisions"}],"wp:featuredmedia":[{"embeddable":true,"href":"https:\/\/iparaiba.com.br\/index.php\/wp-json\/wp\/v2\/media\/116741"}],"wp:attachment":[{"href":"https:\/\/iparaiba.com.br\/index.php\/wp-json\/wp\/v2\/media?parent=134088"}],"wp:term":[{"taxonomy":"category","embeddable":true,"href":"https:\/\/iparaiba.com.br\/index.php\/wp-json\/wp\/v2\/categories?post=134088"},{"taxonomy":"post_tag","embeddable":true,"href":"https:\/\/iparaiba.com.br\/index.php\/wp-json\/wp\/v2\/tags?post=134088"}],"curies":[{"name":"wp","href":"https:\/\/api.w.org\/{rel}","templated":true}]}}