{"id":134085,"date":"2024-12-02T07:24:36","date_gmt":"2024-12-02T10:24:36","guid":{"rendered":"https:\/\/onordeste.com.br\/?p=134039"},"modified":"2024-12-02T07:24:36","modified_gmt":"2024-12-02T10:24:36","slug":"cmjp-promove-concerto-de-natal-no-centro-cultural-sao-francisco","status":"publish","type":"post","link":"https:\/\/iparaiba.com.br\/index.php\/2024\/12\/02\/cmjp-promove-concerto-de-natal-no-centro-cultural-sao-francisco\/","title":{"rendered":"CMJP promove Concerto de Natal no Centro Cultural S\u00e3o Francisco"},"content":{"rendered":"<p align=\"justify\">A C\u00e2mara Municipal de Jo\u00e3o Pessoa (CMJP) promoveu o Concerto de Natal, dentro do projeto \u2018Viva o Centro com M\u00fasica\u2019. O evento \u00e9 gratuito e aconteceU no Centro Cultural S\u00e3o Francisco, localizado no Centro Hist\u00f3rico.<\/p>\n<p align=\"justify\">A programa\u00e7\u00e3o promete envolver o p\u00fablico presente com op\u00e7\u00f5es variadas de m\u00fasica de qualidade, desde o recital oper\u00edstico com o grupo Curta \u00d3pera, passando pela \u201cAve Maria\u201d, al\u00e9m da apresenta\u00e7\u00e3o da Big Band Rubac\u00e3o Jazz, que vai interpretar m\u00fasicas de Frank Sinatra.<\/p>\n<p align=\"justify\">A iniciativa do Concerto de Natal faz parte do projeto Viva o Centro, que \u00e9 fruto de uma parceria entre a C\u00e2mara Municipal, a Prefeitura de Jo\u00e3o Pessoa e o Governo do Estado, cujo objetivo \u00e9 resgatar o Centro Hist\u00f3rico. Nesse sentido, foram realizadas algumas a\u00e7\u00f5es para atrair investimentos para a \u00e1rea central da cidade, a exemplo da \u201cFeira de Neg\u00f3cios Viva o Centro\u201d, realizada nos dias 2 e 3 de maio, voltada para empres\u00e1rios interessados em investir no Centro Hist\u00f3rico, atrav\u00e9s da oferta de incentivos fiscais. A C\u00e2mara tamb\u00e9m realizou passeio cicl\u00edstico no dia do anivers\u00e1rio de Jo\u00e3o Pessoa (5 de agosto), reunindo centenas de participantes no Centro da capital.<\/p>\n<p align=\"justify\">Promovido pela Prefeitura de Jo\u00e3o Pessoa, o projeto \u00e9 uma iniciativa da Secretaria de Ci\u00eancia e Tecnologia (Secitec-JP), em parceria com o Governo da Para\u00edba, com o intuito de revitalizar o Centro Hist\u00f3rico, atrav\u00e9s de atividades culturais que democratizam o acesso \u00e0 m\u00fasica de qualidade, al\u00e9m de proporcionar a ocupa\u00e7\u00e3o dos espa\u00e7os p\u00fablicos pela comunidade.<\/p>\n","protected":false},"excerpt":{"rendered":"<p>A C\u00e2mara Municipal de Jo\u00e3o Pessoa (CMJP) promoveu o Concerto de Natal, dentro do projeto \u2018Viva o Centro com M\u00fasica\u2019. O evento \u00e9 gratuito e aconteceU no Centro Cultural S\u00e3o Francisco, localizado no Centro Hist\u00f3rico. A programa\u00e7\u00e3o promete envolver o p\u00fablico presente com op\u00e7\u00f5es variadas de m\u00fasica de qualidade, desde o recital oper\u00edstico com o &hellip;<\/p>\n","protected":false},"author":1,"featured_media":134087,"comment_status":"open","ping_status":"open","sticky":false,"template":"","format":"standard","meta":{"footnotes":""},"categories":[15],"tags":[],"class_list":["post-134085","post","type-post","status-publish","format-standard","has-post-thumbnail","hentry","category-links"],"_links":{"self":[{"href":"https:\/\/iparaiba.com.br\/index.php\/wp-json\/wp\/v2\/posts\/134085","targetHints":{"allow":["GET"]}}],"collection":[{"href":"https:\/\/iparaiba.com.br\/index.php\/wp-json\/wp\/v2\/posts"}],"about":[{"href":"https:\/\/iparaiba.com.br\/index.php\/wp-json\/wp\/v2\/types\/post"}],"author":[{"embeddable":true,"href":"https:\/\/iparaiba.com.br\/index.php\/wp-json\/wp\/v2\/users\/1"}],"replies":[{"embeddable":true,"href":"https:\/\/iparaiba.com.br\/index.php\/wp-json\/wp\/v2\/comments?post=134085"}],"version-history":[{"count":0,"href":"https:\/\/iparaiba.com.br\/index.php\/wp-json\/wp\/v2\/posts\/134085\/revisions"}],"wp:featuredmedia":[{"embeddable":true,"href":"https:\/\/iparaiba.com.br\/index.php\/wp-json\/wp\/v2\/media\/134087"}],"wp:attachment":[{"href":"https:\/\/iparaiba.com.br\/index.php\/wp-json\/wp\/v2\/media?parent=134085"}],"wp:term":[{"taxonomy":"category","embeddable":true,"href":"https:\/\/iparaiba.com.br\/index.php\/wp-json\/wp\/v2\/categories?post=134085"},{"taxonomy":"post_tag","embeddable":true,"href":"https:\/\/iparaiba.com.br\/index.php\/wp-json\/wp\/v2\/tags?post=134085"}],"curies":[{"name":"wp","href":"https:\/\/api.w.org\/{rel}","templated":true}]}}