{"id":134083,"date":"2024-12-02T07:20:21","date_gmt":"2024-12-02T10:20:21","guid":{"rendered":"https:\/\/onordeste.com.br\/?p=134035"},"modified":"2024-12-02T07:20:21","modified_gmt":"2024-12-02T10:20:21","slug":"solucao-consensual-entre-anatel-e-telefonica-garante-investimentos-em-conectividade","status":"publish","type":"post","link":"https:\/\/iparaiba.com.br\/index.php\/2024\/12\/02\/solucao-consensual-entre-anatel-e-telefonica-garante-investimentos-em-conectividade\/","title":{"rendered":"Solu\u00e7\u00e3o consensual entre Anatel e Telef\u00f4nica garante investimentos em conectividade"},"content":{"rendered":"<p>O Tribunal de Contas da Uni\u00e3o (TCU) aprovou, na sess\u00e3o plen\u00e1ria desta quarta-feira (27\/11), proposta de solu\u00e7\u00e3o consensual entre a Ag\u00eancia Nacional de Telecomunica\u00e7\u00f5es (Anatel) e a empresa Telef\u00f4nica Brasil S.A.\u00a0<strong>O acordo encerra uma s\u00e9rie de processos arbitrais e judiciais<\/strong>\u00a0e permite a amplia\u00e7\u00e3o dos servi\u00e7os de telefonia e de internet nas cinco regi\u00f5es brasileiras.<\/p>\n<p>A solu\u00e7\u00e3o desenvolvida define que a<strong>\u00a0Telef\u00f4nica S.A. dever\u00e1 investir cerca de R$ 4 bilh\u00f5es para melhorar a capacidade existente de conex\u00e3o<\/strong>\u00a0por fibra \u00f3tica e de telefonia m\u00f3vel. No caso do fornecimento de internet, a empresa dever\u00e1 atender a popula\u00e7\u00e3o e espa\u00e7os de interesse p\u00fablico voltados \u00e0 educa\u00e7\u00e3o, pesquisa, sa\u00fade, seguran\u00e7a p\u00fablica e defesa.<\/p>\n<p>A concession\u00e1ria tamb\u00e9m se compromete a\u00a0<strong>estender tecnologia 4G ou superior aos locais ainda descobertos<\/strong>, como \u00e1reas pouco desenvolvidas e rurais, de forma a reduzir as desigualdades no pa\u00eds.<\/p>\n","protected":false},"excerpt":{"rendered":"<p>O Tribunal de Contas da Uni\u00e3o (TCU) aprovou, na sess\u00e3o plen\u00e1ria desta quarta-feira (27\/11), proposta de solu\u00e7\u00e3o consensual entre a Ag\u00eancia Nacional de Telecomunica\u00e7\u00f5es (Anatel) e a empresa Telef\u00f4nica Brasil S.A.\u00a0O acordo encerra uma s\u00e9rie de processos arbitrais e judiciais\u00a0e permite a amplia\u00e7\u00e3o dos servi\u00e7os de telefonia e de internet nas cinco regi\u00f5es brasileiras. A &hellip;<\/p>\n","protected":false},"author":1,"featured_media":97557,"comment_status":"open","ping_status":"open","sticky":false,"template":"","format":"standard","meta":{"footnotes":""},"categories":[6],"tags":[],"class_list":["post-134083","post","type-post","status-publish","format-standard","has-post-thumbnail","hentry","category-destaques"],"_links":{"self":[{"href":"https:\/\/iparaiba.com.br\/index.php\/wp-json\/wp\/v2\/posts\/134083","targetHints":{"allow":["GET"]}}],"collection":[{"href":"https:\/\/iparaiba.com.br\/index.php\/wp-json\/wp\/v2\/posts"}],"about":[{"href":"https:\/\/iparaiba.com.br\/index.php\/wp-json\/wp\/v2\/types\/post"}],"author":[{"embeddable":true,"href":"https:\/\/iparaiba.com.br\/index.php\/wp-json\/wp\/v2\/users\/1"}],"replies":[{"embeddable":true,"href":"https:\/\/iparaiba.com.br\/index.php\/wp-json\/wp\/v2\/comments?post=134083"}],"version-history":[{"count":0,"href":"https:\/\/iparaiba.com.br\/index.php\/wp-json\/wp\/v2\/posts\/134083\/revisions"}],"wp:featuredmedia":[{"embeddable":true,"href":"https:\/\/iparaiba.com.br\/index.php\/wp-json\/wp\/v2\/media\/97557"}],"wp:attachment":[{"href":"https:\/\/iparaiba.com.br\/index.php\/wp-json\/wp\/v2\/media?parent=134083"}],"wp:term":[{"taxonomy":"category","embeddable":true,"href":"https:\/\/iparaiba.com.br\/index.php\/wp-json\/wp\/v2\/categories?post=134083"},{"taxonomy":"post_tag","embeddable":true,"href":"https:\/\/iparaiba.com.br\/index.php\/wp-json\/wp\/v2\/tags?post=134083"}],"curies":[{"name":"wp","href":"https:\/\/api.w.org\/{rel}","templated":true}]}}