{"id":134081,"date":"2024-12-04T18:12:37","date_gmt":"2024-12-04T21:12:37","guid":{"rendered":"https:\/\/onordeste.com.br\/?p=134081"},"modified":"2024-12-04T18:12:37","modified_gmt":"2024-12-04T21:12:37","slug":"fiscalizacao-avalia-acessibilidade-digital-em-mais-de-300-orgaos-federais","status":"publish","type":"post","link":"https:\/\/iparaiba.com.br\/index.php\/2024\/12\/04\/fiscalizacao-avalia-acessibilidade-digital-em-mais-de-300-orgaos-federais\/","title":{"rendered":"Fiscaliza\u00e7\u00e3o avalia acessibilidade digital em mais de 300 \u00f3rg\u00e3os federais"},"content":{"rendered":"<p>O Tribunal de Contas da Uni\u00e3o (TCU) realiza levantamento em 367 \u00f3rg\u00e3os federais para avaliar a\u00a0<strong>acessibilidade digital nos portais, aplicativos m\u00f3veis e servi\u00e7os p\u00fablicos digitais oferecidos.<\/strong>\u00a0A iniciativa busca identificar o est\u00e1gio de ado\u00e7\u00e3o das pr\u00e1ticas de acessibilidade digital nos \u00f3rg\u00e3os federais e induzir avan\u00e7os na \u00e1rea. A relatoria do processo (<a href=\"https:\/\/pesquisa.apps.tcu.gov.br\/documento\/processo\/*\/NUMEROSOMENTENUMEROS%253A825720248\/DTAUTUACAOORDENACAO%2520desc%252C%2520NUMEROCOMZEROS%2520desc\/0\">TC 008.257\/2024-8<\/a>) \u00e9 do ministro Antonio Anastasia.<\/p>\n<p>A fiscaliza\u00e7\u00e3o est\u00e1 dividida em duas etapas: a primeira delas j\u00e1 ocorreu com o\u00a0<strong>envio de pr\u00e9-question\u00e1rio<\/strong>\u00a0para coletar informa\u00e7\u00f5es sobre os principais portais, aplicativos e servi\u00e7os digitais de cada \u00f3rg\u00e3o. Agora,\u00a0<strong>com base nas respostas,\u00a0outro question\u00e1rio ser\u00e1 aplicado<\/strong>\u00a0para verificar o cumprimento das normas de acessibilidade e a ado\u00e7\u00e3o de boas pr\u00e1ticas referentes ao tema.<\/p>\n<p>A acessibilidade digital n\u00e3o \u00e9 apenas\u00a0<strong>exig\u00eancia legal<\/strong>\u00a0para garantir o acesso de pessoas com defici\u00eancia, mas\u00a0tamb\u00e9m\u00a0recurso essencial para muitos outros grupos da popula\u00e7\u00e3o, como idosos, pessoas com defici\u00eancias tempor\u00e1rias (como uma les\u00e3o, por exemplo) ou aqueles que se encontram em circunst\u00e2ncias especiais e precisam utilizar dispositivos em ambientes ruidosos ou com pouca luz. Ao tornar produtos digitais mais acess\u00edveis, promove-se\u00a0<strong>experi\u00eancia inclusiva<\/strong>\u00a0e otimizada para todos.<\/p>\n<p>O levantamento do TCU \u00e9 guiado por diretrizes internacionais que buscam garantir a navega\u00e7\u00e3o e o acesso aos conte\u00fados digitais de forma mais inclusiva, por meio de ajustes como alternativas textuais para imagens, navega\u00e7\u00e3o intuitiva e compatibilidade com leitores de tela. Outras normas, como padr\u00f5es para dispositivos m\u00f3veis e o guia de boas pr\u00e1ticas desenvolvido em parceria com o governo brit\u00e2nico, tamb\u00e9m servem de refer\u00eancia.<\/p>\n","protected":false},"excerpt":{"rendered":"<p>O Tribunal de Contas da Uni\u00e3o (TCU) realiza levantamento em 367 \u00f3rg\u00e3os federais para avaliar a\u00a0acessibilidade digital nos portais, aplicativos m\u00f3veis e servi\u00e7os p\u00fablicos digitais oferecidos.\u00a0A iniciativa busca identificar o est\u00e1gio de ado\u00e7\u00e3o das pr\u00e1ticas de acessibilidade digital nos \u00f3rg\u00e3os federais e induzir avan\u00e7os na \u00e1rea. A relatoria do processo (TC 008.257\/2024-8) \u00e9 do ministro &hellip;<\/p>\n","protected":false},"author":1,"featured_media":108785,"comment_status":"open","ping_status":"open","sticky":false,"template":"","format":"standard","meta":{"footnotes":""},"categories":[7],"tags":[],"class_list":["post-134081","post","type-post","status-publish","format-standard","has-post-thumbnail","hentry","category-diversas"],"_links":{"self":[{"href":"https:\/\/iparaiba.com.br\/index.php\/wp-json\/wp\/v2\/posts\/134081","targetHints":{"allow":["GET"]}}],"collection":[{"href":"https:\/\/iparaiba.com.br\/index.php\/wp-json\/wp\/v2\/posts"}],"about":[{"href":"https:\/\/iparaiba.com.br\/index.php\/wp-json\/wp\/v2\/types\/post"}],"author":[{"embeddable":true,"href":"https:\/\/iparaiba.com.br\/index.php\/wp-json\/wp\/v2\/users\/1"}],"replies":[{"embeddable":true,"href":"https:\/\/iparaiba.com.br\/index.php\/wp-json\/wp\/v2\/comments?post=134081"}],"version-history":[{"count":1,"href":"https:\/\/iparaiba.com.br\/index.php\/wp-json\/wp\/v2\/posts\/134081\/revisions"}],"predecessor-version":[{"id":134107,"href":"https:\/\/iparaiba.com.br\/index.php\/wp-json\/wp\/v2\/posts\/134081\/revisions\/134107"}],"wp:featuredmedia":[{"embeddable":true,"href":"https:\/\/iparaiba.com.br\/index.php\/wp-json\/wp\/v2\/media\/108785"}],"wp:attachment":[{"href":"https:\/\/iparaiba.com.br\/index.php\/wp-json\/wp\/v2\/media?parent=134081"}],"wp:term":[{"taxonomy":"category","embeddable":true,"href":"https:\/\/iparaiba.com.br\/index.php\/wp-json\/wp\/v2\/categories?post=134081"},{"taxonomy":"post_tag","embeddable":true,"href":"https:\/\/iparaiba.com.br\/index.php\/wp-json\/wp\/v2\/tags?post=134081"}],"curies":[{"name":"wp","href":"https:\/\/api.w.org\/{rel}","templated":true}]}}