{"id":134076,"date":"2024-12-04T14:05:35","date_gmt":"2024-12-04T17:05:35","guid":{"rendered":"https:\/\/onordeste.com.br\/?p=134076"},"modified":"2024-12-04T14:05:35","modified_gmt":"2024-12-04T17:05:35","slug":"taxa-de-desemprego-atinge-menor-patamar","status":"publish","type":"post","link":"https:\/\/iparaiba.com.br\/index.php\/2024\/12\/04\/taxa-de-desemprego-atinge-menor-patamar\/","title":{"rendered":"Taxa de desemprego atinge menor patamar"},"content":{"rendered":"<p>A taxa de desocupa\u00e7\u00e3o no pa\u00eds, tamb\u00e9m conhecida como taxa de desemprego, ficou em 6,2% no trimestre encerrado em outubro deste ano. A taxa \u00e9 a menor registrada desde o in\u00edcio da s\u00e9rie hist\u00f3rica da Pesquisa Nacional por Amostra de Domic\u00edlios (Pnad) Cont\u00ednua, em 2012.<img loading=\"lazy\" decoding=\"async\" class=\"lazyautosizes pk-lazyloaded\" src=\"file:\/\/\/C:\/Users\/kenta\/AppData\/Local\/Temp\/lu123281ebb70.tmp\/lu123281ebbcp_tmp_c99e064b.png\" sizes=\"auto, 697px\" width=\"2\" height=\"2\" name=\"Figura1\" align=\"bottom\" border=\"0\" data-pk-sizes=\"auto\" data-pk-src=\"file:\/\/\/C:\/Users\/kenta\/AppData\/Local\/Temp\/lu123281ebb70.tmp\/lu123281ebbcp_tmp_c99e064b.png\" \/>\u00a0<img loading=\"lazy\" decoding=\"async\" class=\"lazyautosizes pk-lazyloaded\" src=\"https:\/\/agenciabrasil.ebc.com.br\/ebc.gif?id=1621756&amp;o=node\" sizes=\"auto, 697px\" width=\"2\" height=\"2\" name=\"Figura2\" align=\"bottom\" border=\"0\" data-pk-sizes=\"auto\" data-pk-src=\"https:\/\/agenciabrasil.ebc.com.br\/ebc.gif?id=1621756&amp;o=node\" \/><\/p>\n<p>O trimestre anterior, encerrado em julho deste ano, havia registrado taxa de 6,8%. Em outubro do ano passado, havia ficado em 7,6%.<\/p>\n<p>A popula\u00e7\u00e3o ocupada (103,6 milh\u00f5es) tamb\u00e9m atingiu recorde, ficando 1,5% acima da m\u00e9dia do trimestre encerrado em julho e 3,4% superior a outubro.<\/p>\n<p>A popula\u00e7\u00e3o desocupada\u00a0recuou para 6,8 milh\u00f5es, ou seja, 8% a menos (menos 591 mil pessoas) em rela\u00e7\u00e3o ao trimestre anterior e 17,2% inferior a outubro de 2023 (menos 1,4 milh\u00e3o de pessoas). \u00c9 o menor contingente de desocupados desde o trimestre encerrado em dezembro de 2014.<\/p>\n<p>O rendimento real habitual do trabalhador ficou em R$ 3.255, ficando est\u00e1vel na compara\u00e7\u00e3o trimestral e crescendo 3,9% no ano. A massa de rendimento real habitual\u00a0(R$ 332,6 bilh\u00f5es) cresceu 2,4% (mais R$ 7,7 bilh\u00f5es) no trimestre e 7,7% (mais R$ 23,6 bilh\u00f5es) no ano.<\/p>\n<p><strong><em>Ag\u00eancia Brasil<\/em><\/strong><\/p>\n","protected":false},"excerpt":{"rendered":"<p>A taxa de desocupa\u00e7\u00e3o no pa\u00eds, tamb\u00e9m conhecida como taxa de desemprego, ficou em 6,2% no trimestre encerrado em outubro deste ano. A taxa \u00e9 a menor registrada desde o in\u00edcio da s\u00e9rie hist\u00f3rica da Pesquisa Nacional por Amostra de Domic\u00edlios (Pnad) Cont\u00ednua, em 2012.\u00a0 O trimestre anterior, encerrado em julho deste ano, havia registrado &hellip;<\/p>\n","protected":false},"author":1,"featured_media":99510,"comment_status":"open","ping_status":"open","sticky":false,"template":"","format":"standard","meta":{"footnotes":""},"categories":[12],"tags":[],"class_list":["post-134076","post","type-post","status-publish","format-standard","has-post-thumbnail","hentry","category-emprego"],"_links":{"self":[{"href":"https:\/\/iparaiba.com.br\/index.php\/wp-json\/wp\/v2\/posts\/134076","targetHints":{"allow":["GET"]}}],"collection":[{"href":"https:\/\/iparaiba.com.br\/index.php\/wp-json\/wp\/v2\/posts"}],"about":[{"href":"https:\/\/iparaiba.com.br\/index.php\/wp-json\/wp\/v2\/types\/post"}],"author":[{"embeddable":true,"href":"https:\/\/iparaiba.com.br\/index.php\/wp-json\/wp\/v2\/users\/1"}],"replies":[{"embeddable":true,"href":"https:\/\/iparaiba.com.br\/index.php\/wp-json\/wp\/v2\/comments?post=134076"}],"version-history":[{"count":1,"href":"https:\/\/iparaiba.com.br\/index.php\/wp-json\/wp\/v2\/posts\/134076\/revisions"}],"predecessor-version":[{"id":134105,"href":"https:\/\/iparaiba.com.br\/index.php\/wp-json\/wp\/v2\/posts\/134076\/revisions\/134105"}],"wp:featuredmedia":[{"embeddable":true,"href":"https:\/\/iparaiba.com.br\/index.php\/wp-json\/wp\/v2\/media\/99510"}],"wp:attachment":[{"href":"https:\/\/iparaiba.com.br\/index.php\/wp-json\/wp\/v2\/media?parent=134076"}],"wp:term":[{"taxonomy":"category","embeddable":true,"href":"https:\/\/iparaiba.com.br\/index.php\/wp-json\/wp\/v2\/categories?post=134076"},{"taxonomy":"post_tag","embeddable":true,"href":"https:\/\/iparaiba.com.br\/index.php\/wp-json\/wp\/v2\/tags?post=134076"}],"curies":[{"name":"wp","href":"https:\/\/api.w.org\/{rel}","templated":true}]}}