{"id":134074,"date":"2024-12-04T12:03:17","date_gmt":"2024-12-04T15:03:17","guid":{"rendered":"https:\/\/onordeste.com.br\/?p=134074"},"modified":"2024-12-04T12:03:17","modified_gmt":"2024-12-04T15:03:17","slug":"festa-da-padroeira-da-diocese-com-ampla-programacao","status":"publish","type":"post","link":"https:\/\/iparaiba.com.br\/index.php\/2024\/12\/04\/festa-da-padroeira-da-diocese-com-ampla-programacao\/","title":{"rendered":"Festa da Padroeira da Diocese com ampla programa\u00e7\u00e3o"},"content":{"rendered":"<p>Missa, noven\u00e1rio e momento de confraterniza\u00e7\u00e3o. Come\u00e7a nesta sexta-feira (29) a Festa da Padroeira da Diocese de\u00a0Campina Grande, no Agreste da Para\u00edba, Nossa Senhora da Concei\u00e7\u00e3o.<\/p>\n<p>O tema abordado este ano ser\u00e1 \u201cMaria, M\u00e3e da Igreja\u201d, e a programa\u00e7\u00e3o deve se estender at\u00e9 o dia 8 de dezembro.<\/p>\n<p>Pbagora<\/p>\n","protected":false},"excerpt":{"rendered":"<p>Missa, noven\u00e1rio e momento de confraterniza\u00e7\u00e3o. Come\u00e7a nesta sexta-feira (29) a Festa da Padroeira da Diocese de\u00a0Campina Grande, no Agreste da Para\u00edba, Nossa Senhora da Concei\u00e7\u00e3o. O tema abordado este ano ser\u00e1 \u201cMaria, M\u00e3e da Igreja\u201d, e a programa\u00e7\u00e3o deve se estender at\u00e9 o dia 8 de dezembro. Pbagora<\/p>\n","protected":false},"author":1,"featured_media":110663,"comment_status":"open","ping_status":"open","sticky":false,"template":"","format":"standard","meta":{"footnotes":""},"categories":[15],"tags":[],"class_list":["post-134074","post","type-post","status-publish","format-standard","has-post-thumbnail","hentry","category-links"],"_links":{"self":[{"href":"https:\/\/iparaiba.com.br\/index.php\/wp-json\/wp\/v2\/posts\/134074","targetHints":{"allow":["GET"]}}],"collection":[{"href":"https:\/\/iparaiba.com.br\/index.php\/wp-json\/wp\/v2\/posts"}],"about":[{"href":"https:\/\/iparaiba.com.br\/index.php\/wp-json\/wp\/v2\/types\/post"}],"author":[{"embeddable":true,"href":"https:\/\/iparaiba.com.br\/index.php\/wp-json\/wp\/v2\/users\/1"}],"replies":[{"embeddable":true,"href":"https:\/\/iparaiba.com.br\/index.php\/wp-json\/wp\/v2\/comments?post=134074"}],"version-history":[{"count":1,"href":"https:\/\/iparaiba.com.br\/index.php\/wp-json\/wp\/v2\/posts\/134074\/revisions"}],"predecessor-version":[{"id":134104,"href":"https:\/\/iparaiba.com.br\/index.php\/wp-json\/wp\/v2\/posts\/134074\/revisions\/134104"}],"wp:featuredmedia":[{"embeddable":true,"href":"https:\/\/iparaiba.com.br\/index.php\/wp-json\/wp\/v2\/media\/110663"}],"wp:attachment":[{"href":"https:\/\/iparaiba.com.br\/index.php\/wp-json\/wp\/v2\/media?parent=134074"}],"wp:term":[{"taxonomy":"category","embeddable":true,"href":"https:\/\/iparaiba.com.br\/index.php\/wp-json\/wp\/v2\/categories?post=134074"},{"taxonomy":"post_tag","embeddable":true,"href":"https:\/\/iparaiba.com.br\/index.php\/wp-json\/wp\/v2\/tags?post=134074"}],"curies":[{"name":"wp","href":"https:\/\/api.w.org\/{rel}","templated":true}]}}