{"id":134068,"date":"2024-12-03T17:00:28","date_gmt":"2024-12-03T20:00:28","guid":{"rendered":"https:\/\/onordeste.com.br\/?p=134066"},"modified":"2024-12-03T17:00:28","modified_gmt":"2024-12-03T20:00:28","slug":"comissao-aprova-projeto-que-facilita-compra-de-carro-eletrico-com-isencao-de-imposto","status":"publish","type":"post","link":"https:\/\/iparaiba.com.br\/index.php\/2024\/12\/03\/comissao-aprova-projeto-que-facilita-compra-de-carro-eletrico-com-isencao-de-imposto\/","title":{"rendered":"Comiss\u00e3o aprova projeto que facilita compra de carro el\u00e9trico com isen\u00e7\u00e3o de imposto"},"content":{"rendered":"<p>A Comiss\u00e3o de Defesa dos Direitos das Pessoas com Defici\u00eancia da C\u00e2mara dos Deputados aprovou o <a class=\"linkProposicao\" href=\"https:\/\/www.camara.leg.br\/noticias\/1096961-projeto-facilita-compra-de-veiculo-eletrico-com-isencao-de-imposto-por-pessoa-com-deficiencia\">Projeto de Lei 3171\/24<\/a>, do deputado Geraldo Resende (PSDB-MS), que acaba com as exig\u00eancias atuais para a compra de carro el\u00e9trico com isen\u00e7\u00e3o de imposto por pessoas com defici\u00eancia.<\/p>\n<p>Hoje, a <a class=\"linkLegislacao\" href=\"https:\/\/www2.camara.gov.br\/legin\/fed\/lei\/1995\/lei-8989-24-fevereiro-1995-349817-norma-pl.html\">Lei 8.989\/95<\/a> determina que a isen\u00e7\u00e3o vale apenas para ve\u00edculos de at\u00e9 R$ 200 mil e de fabrica\u00e7\u00e3o nacional, entre outras regras.<\/p>\n<p>O relator, deputado Sargento Portugal (Pode-RJ), defendeu a aprova\u00e7\u00e3o da proposta. Ele afirmou que os carros el\u00e9tricos oferecem vantagens significativas para pessoas com defici\u00eancia, especialmente pela facilidade de adapta\u00e7\u00e3o de equipamentos de mobilidade em compara\u00e7\u00e3o aos ve\u00edculos a combust\u00e3o.<\/p>\n<p>\u201cAo eliminar restri\u00e7\u00f5es de valor e origem de fabrica\u00e7\u00e3o, a proposta garante que as pessoas com defici\u00eancia possam continuar a ter acesso a ve\u00edculos de tecnologia de ponta, mesmo diante de um cen\u00e1rio de aumento de custos\u201d, disse, ao citar a retomada da al\u00edquota do Imposto sobre Produtos Industrializados (<span id=\"4186\" class=\"termoGlossario\" title=\"\" contenteditable=\"false\" data-toggle=\"tooltip\" data-placement=\"top\" data-original-title=\"Imposto sobre Produtos Industrializados (IPI): Imposto cobrado pelo governo federal que incide sobre os produtos fabricados no Pa\u00eds ou importados. A al\u00edquota varia conforme o produto.\">IPI<\/span>) sobre ve\u00edculos el\u00e9tricos a partir de 2024. At\u00e9 2023, todos os el\u00e9tricos importados tinham al\u00edquota de 0%.<\/p>\n<p>Fonte: Ag\u00eancia C\u00e2mara de Not\u00edcias<\/p>\n","protected":false},"excerpt":{"rendered":"<p>A Comiss\u00e3o de Defesa dos Direitos das Pessoas com Defici\u00eancia da C\u00e2mara dos Deputados aprovou o Projeto de Lei 3171\/24, do deputado Geraldo Resende (PSDB-MS), que acaba com as exig\u00eancias atuais para a compra de carro el\u00e9trico com isen\u00e7\u00e3o de imposto por pessoas com defici\u00eancia. Hoje, a Lei 8.989\/95 determina que a isen\u00e7\u00e3o vale apenas &hellip;<\/p>\n","protected":false},"author":1,"featured_media":123152,"comment_status":"open","ping_status":"open","sticky":false,"template":"","format":"standard","meta":{"footnotes":""},"categories":[6],"tags":[],"class_list":["post-134068","post","type-post","status-publish","format-standard","has-post-thumbnail","hentry","category-destaques"],"_links":{"self":[{"href":"https:\/\/iparaiba.com.br\/index.php\/wp-json\/wp\/v2\/posts\/134068","targetHints":{"allow":["GET"]}}],"collection":[{"href":"https:\/\/iparaiba.com.br\/index.php\/wp-json\/wp\/v2\/posts"}],"about":[{"href":"https:\/\/iparaiba.com.br\/index.php\/wp-json\/wp\/v2\/types\/post"}],"author":[{"embeddable":true,"href":"https:\/\/iparaiba.com.br\/index.php\/wp-json\/wp\/v2\/users\/1"}],"replies":[{"embeddable":true,"href":"https:\/\/iparaiba.com.br\/index.php\/wp-json\/wp\/v2\/comments?post=134068"}],"version-history":[{"count":1,"href":"https:\/\/iparaiba.com.br\/index.php\/wp-json\/wp\/v2\/posts\/134068\/revisions"}],"predecessor-version":[{"id":134100,"href":"https:\/\/iparaiba.com.br\/index.php\/wp-json\/wp\/v2\/posts\/134068\/revisions\/134100"}],"wp:featuredmedia":[{"embeddable":true,"href":"https:\/\/iparaiba.com.br\/index.php\/wp-json\/wp\/v2\/media\/123152"}],"wp:attachment":[{"href":"https:\/\/iparaiba.com.br\/index.php\/wp-json\/wp\/v2\/media?parent=134068"}],"wp:term":[{"taxonomy":"category","embeddable":true,"href":"https:\/\/iparaiba.com.br\/index.php\/wp-json\/wp\/v2\/categories?post=134068"},{"taxonomy":"post_tag","embeddable":true,"href":"https:\/\/iparaiba.com.br\/index.php\/wp-json\/wp\/v2\/tags?post=134068"}],"curies":[{"name":"wp","href":"https:\/\/api.w.org\/{rel}","templated":true}]}}