{"id":134067,"date":"2024-12-03T14:00:28","date_gmt":"2024-12-03T17:00:28","guid":{"rendered":"https:\/\/onordeste.com.br\/?p=134064"},"modified":"2024-12-03T14:00:28","modified_gmt":"2024-12-03T17:00:28","slug":"mobilizacao-para-acelerar-avanco-das-obras-da-br-230-na-regiao-metropolitana","status":"publish","type":"post","link":"https:\/\/iparaiba.com.br\/index.php\/2024\/12\/03\/mobilizacao-para-acelerar-avanco-das-obras-da-br-230-na-regiao-metropolitana\/","title":{"rendered":"Mobiliza\u00e7\u00e3o para acelerar avan\u00e7o das obras da BR-230 na Regi\u00e3o Metropolitana"},"content":{"rendered":"<p>A uni\u00e3o dos parlamentares paraibanos em defesa do avan\u00e7o das obras de triplica\u00e7\u00e3o da BR-230 na Regi\u00e3o Metropolitana de Jo\u00e3o Pessoa est\u00e1 sendo ressaltada pelo deputado federal Ruy Carneiro. O parlamentar acredita que a solu\u00e7\u00e3o para tantos impasses e paralisa\u00e7\u00f5es ao longo dos \u00faltimos anos exige uma mobiliza\u00e7\u00e3o urgente da bancada da Para\u00edba no Congresso Nacional.<\/p>\n<p>&#8220;A triplica\u00e7\u00e3o da BR-230 na Regi\u00e3o Metropolitana de Jo\u00e3o Pessoa precisa ser tratada como prioridade, urg\u00eancia e uni\u00e3o dos parlamentares paraibanos. A celeridade e principalmente a conclus\u00e3o das obras s\u00e3o fundamentais para a mobilidade, turismo, economia, seguran\u00e7a e tantos outros aspectos da grande Jo\u00e3o Pessoa e de toda a Para\u00edba&#8221;, defendeu Ruy.<\/p>\n<p>O deputado vai propor aos colegas de parlamento o acompanhamento regular da situa\u00e7\u00e3o e o contato permanente com o Minist\u00e9rio dos Transportes e o Departamento Nacional de Infraestrutura de Transportes.<\/p>\n<p>&#8220;Sabemos da complexidade das obras num per\u00edmetro urbano, mas \u00e9 preciso unir for\u00e7as para impedir que os servi\u00e7os continuem sofrendo com paralisa\u00e7\u00f5es. Vamos avaliar a possibilidade de cria\u00e7\u00e3o de um grupo de trabalho para monitorar o andamento, propor que a cria\u00e7\u00e3o de um eixo espec\u00edfico para a destina\u00e7\u00e3o de emendas parlamentares&#8221;, detalhou. Ruy ainda ressaltou a import\u00e2ncia de fiscaliza\u00e7\u00f5es constantes por parte dos \u00f3rg\u00e3os de controle. &#8220;A prioridade \u00e9 fazer tudo que estiver ao nosso alcance para solucionar em definitivo essa situa\u00e7\u00e3o&#8221;, concluiu.<\/p>\n<p>A triplica\u00e7\u00e3o da BR-230, entre Cabedelo e Jo\u00e3o Pessoa, foi iniciada no ano de 2017. Durante esse per\u00edodo, a obra tem sofrido uma s\u00e9rie de interrup\u00e7\u00f5es, seja por problemas com empresas contratadas ou por falta de recursos do Governo Federal. Recentemente, o DNIT voltou a revelar a possibilidade de n\u00e3o emitir novos empenhos para dar continuidade aos servi\u00e7os.<\/p>\n","protected":false},"excerpt":{"rendered":"<p>A uni\u00e3o dos parlamentares paraibanos em defesa do avan\u00e7o das obras de triplica\u00e7\u00e3o da BR-230 na Regi\u00e3o Metropolitana de Jo\u00e3o Pessoa est\u00e1 sendo ressaltada pelo deputado federal Ruy Carneiro. O parlamentar acredita que a solu\u00e7\u00e3o para tantos impasses e paralisa\u00e7\u00f5es ao longo dos \u00faltimos anos exige uma mobiliza\u00e7\u00e3o urgente da bancada da Para\u00edba no Congresso &hellip;<\/p>\n","protected":false},"author":1,"featured_media":107922,"comment_status":"open","ping_status":"open","sticky":false,"template":"","format":"standard","meta":{"footnotes":""},"categories":[3],"tags":[],"class_list":["post-134067","post","type-post","status-publish","format-standard","has-post-thumbnail","hentry","category-nordeste"],"_links":{"self":[{"href":"https:\/\/iparaiba.com.br\/index.php\/wp-json\/wp\/v2\/posts\/134067","targetHints":{"allow":["GET"]}}],"collection":[{"href":"https:\/\/iparaiba.com.br\/index.php\/wp-json\/wp\/v2\/posts"}],"about":[{"href":"https:\/\/iparaiba.com.br\/index.php\/wp-json\/wp\/v2\/types\/post"}],"author":[{"embeddable":true,"href":"https:\/\/iparaiba.com.br\/index.php\/wp-json\/wp\/v2\/users\/1"}],"replies":[{"embeddable":true,"href":"https:\/\/iparaiba.com.br\/index.php\/wp-json\/wp\/v2\/comments?post=134067"}],"version-history":[{"count":1,"href":"https:\/\/iparaiba.com.br\/index.php\/wp-json\/wp\/v2\/posts\/134067\/revisions"}],"predecessor-version":[{"id":134099,"href":"https:\/\/iparaiba.com.br\/index.php\/wp-json\/wp\/v2\/posts\/134067\/revisions\/134099"}],"wp:featuredmedia":[{"embeddable":true,"href":"https:\/\/iparaiba.com.br\/index.php\/wp-json\/wp\/v2\/media\/107922"}],"wp:attachment":[{"href":"https:\/\/iparaiba.com.br\/index.php\/wp-json\/wp\/v2\/media?parent=134067"}],"wp:term":[{"taxonomy":"category","embeddable":true,"href":"https:\/\/iparaiba.com.br\/index.php\/wp-json\/wp\/v2\/categories?post=134067"},{"taxonomy":"post_tag","embeddable":true,"href":"https:\/\/iparaiba.com.br\/index.php\/wp-json\/wp\/v2\/tags?post=134067"}],"curies":[{"name":"wp","href":"https:\/\/api.w.org\/{rel}","templated":true}]}}