{"id":134066,"date":"2024-12-02T12:00:27","date_gmt":"2024-12-02T15:00:27","guid":{"rendered":"https:\/\/onordeste.com.br\/?p=134062"},"modified":"2024-12-02T12:00:27","modified_gmt":"2024-12-02T15:00:27","slug":"novo-canal-de-comunicacao-para-receber-reclamacoes-do-consumidor","status":"publish","type":"post","link":"https:\/\/iparaiba.com.br\/index.php\/2024\/12\/02\/novo-canal-de-comunicacao-para-receber-reclamacoes-do-consumidor\/","title":{"rendered":"Novo canal de comunica\u00e7\u00e3o para receber reclama\u00e7\u00f5es do consumidor"},"content":{"rendered":"<p>Neste ano, os consumidores de Campina Grande t\u00eam mais um importante canal de comunica\u00e7\u00e3o para registrar reclama\u00e7\u00f5es, especialmente, durante a Black Friday que acontece nesta sexta-feira, 29. Trata-se do aplicativo &#8220;Campina com Voc\u00ea&#8221;.<\/p>\n<p>A nova ferramenta tecnol\u00f3gica foi lan\u00e7ada pelo prefeito de Campina Grande, Bruno Cunha Lima, no \u00faltimo m\u00eas de maio e disponibiliza aos campinenses todos os servi\u00e7os da Prefeitura na palma da m\u00e3o de maneira f\u00e1cil e r\u00e1pida, a exemplo de uma linha direta de comunica\u00e7\u00e3o com o Procon Municipal.<\/p>\n<p>O aplicativo &#8220;Campina com Voc\u00ea&#8221; proporciona um canal \u00fanico de acesso, reunindo sistemas e servi\u00e7os do governo municipal, que v\u00e3o desde registros de reclama\u00e7\u00e3o de consumidores, solicita\u00e7\u00e3o para podas de \u00e1rvores, limpeza p\u00fablica, agendamento de consultas e exames de sa\u00fade, al\u00e9m de reparos na ilumina\u00e7\u00e3o e outros servi\u00e7os essenciais. S\u00e3o mais de cem servi\u00e7os j\u00e1 est\u00e3o dispon\u00edveis para o p\u00fablico.<\/p>\n<p>A ferramenta foi desenvolvida pela Funda\u00e7\u00e3o Parque Tecnol\u00f3gico e para baixar o app, basta pesquisar por &#8220;Campina com Voc\u00ea&#8221; na Play Store e na Apple Store, para sistemas Android e IoS e fazer o download para baixar o aplicativo.<\/p>\n<p>Reclama\u00e7\u00e3o- Al\u00e9m desse canal de reclama\u00e7\u00e3o, o Procon de Campina Grande tamb\u00e9m recebe den\u00fancias e tira d\u00favidas de consumidores sobre Direito do Consumidor pelos telefones Disque Procon: 151, (83) 98185 8168 (whatsApp) e (83) 98186 3609 (liga\u00e7\u00f5es); e, pessoalmente, na sede do \u00f3rg\u00e3o, de segunda \u00e0 sexta-feira, das 8h \u00e0s 17h, rua Prefeito Ernani Lauritzen, no Centro.<\/p>\n","protected":false},"excerpt":{"rendered":"<p>Neste ano, os consumidores de Campina Grande t\u00eam mais um importante canal de comunica\u00e7\u00e3o para registrar reclama\u00e7\u00f5es, especialmente, durante a Black Friday que acontece nesta sexta-feira, 29. Trata-se do aplicativo &#8220;Campina com Voc\u00ea&#8221;. A nova ferramenta tecnol\u00f3gica foi lan\u00e7ada pelo prefeito de Campina Grande, Bruno Cunha Lima, no \u00faltimo m\u00eas de maio e disponibiliza aos &hellip;<\/p>\n","protected":false},"author":1,"featured_media":115390,"comment_status":"open","ping_status":"open","sticky":false,"template":"","format":"standard","meta":{"footnotes":""},"categories":[16],"tags":[],"class_list":["post-134066","post","type-post","status-publish","format-standard","has-post-thumbnail","hentry","category-economia"],"_links":{"self":[{"href":"https:\/\/iparaiba.com.br\/index.php\/wp-json\/wp\/v2\/posts\/134066","targetHints":{"allow":["GET"]}}],"collection":[{"href":"https:\/\/iparaiba.com.br\/index.php\/wp-json\/wp\/v2\/posts"}],"about":[{"href":"https:\/\/iparaiba.com.br\/index.php\/wp-json\/wp\/v2\/types\/post"}],"author":[{"embeddable":true,"href":"https:\/\/iparaiba.com.br\/index.php\/wp-json\/wp\/v2\/users\/1"}],"replies":[{"embeddable":true,"href":"https:\/\/iparaiba.com.br\/index.php\/wp-json\/wp\/v2\/comments?post=134066"}],"version-history":[{"count":1,"href":"https:\/\/iparaiba.com.br\/index.php\/wp-json\/wp\/v2\/posts\/134066\/revisions"}],"predecessor-version":[{"id":134091,"href":"https:\/\/iparaiba.com.br\/index.php\/wp-json\/wp\/v2\/posts\/134066\/revisions\/134091"}],"wp:featuredmedia":[{"embeddable":true,"href":"https:\/\/iparaiba.com.br\/index.php\/wp-json\/wp\/v2\/media\/115390"}],"wp:attachment":[{"href":"https:\/\/iparaiba.com.br\/index.php\/wp-json\/wp\/v2\/media?parent=134066"}],"wp:term":[{"taxonomy":"category","embeddable":true,"href":"https:\/\/iparaiba.com.br\/index.php\/wp-json\/wp\/v2\/categories?post=134066"},{"taxonomy":"post_tag","embeddable":true,"href":"https:\/\/iparaiba.com.br\/index.php\/wp-json\/wp\/v2\/tags?post=134066"}],"curies":[{"name":"wp","href":"https:\/\/api.w.org\/{rel}","templated":true}]}}