{"id":134065,"date":"2024-12-03T12:00:53","date_gmt":"2024-12-03T15:00:53","guid":{"rendered":"https:\/\/onordeste.com.br\/?p=134060"},"modified":"2024-12-03T12:00:53","modified_gmt":"2024-12-03T15:00:53","slug":"isencao-de-ir-para-quem-ganha-ate-r-5-mil","status":"publish","type":"post","link":"https:\/\/iparaiba.com.br\/index.php\/2024\/12\/03\/isencao-de-ir-para-quem-ganha-ate-r-5-mil\/","title":{"rendered":"Isen\u00e7\u00e3o de IR para quem ganha at\u00e9 R$ 5 mil"},"content":{"rendered":"<p>O governo enviar\u00e1, combinado ao pacote de corte de gastos obrigat\u00f3rios, a proposta para isentar de Imposto de Renda quem ganha at\u00e9 R$ 5 mil por m\u00eas, disse em pronunciamento nesta noite o ministro da Fazenda, Fernando Haddad. Ele esclareceu que a medida n\u00e3o ter\u00e1 impacto sobre as contas p\u00fablicas porque ser\u00e1 bancada com a taxa\u00e7\u00e3o extra de quem ganha mais de R$ 50 mil mensais.<img decoding=\"async\" src=\"https:\/\/agenciabrasil.ebc.com.br\/ebc.png?id=1621504&amp;o=node\" \/><img decoding=\"async\" src=\"https:\/\/agenciabrasil.ebc.com.br\/ebc.gif?id=1621504&amp;o=node\" \/><\/p>\n<div class=\"dnd-widget-wrapper context-grande_6colunas type-image atom-align-left\">\n<div class=\"dnd-caption-wrapper\">\n<h6 class=\"meta\"><span style=\"font-weight: 400;\">\u201c\u00c9 o Brasil justo, com menos imposto e mais dinheiro no bolso para investir no seu pequeno neg\u00f3cio, impulsionar o com\u00e9rcio no seu bairro e ajudar a sua cidade a crescer. A nova medida n\u00e3o trar\u00e1 impacto fiscal, ou seja, n\u00e3o aumentar\u00e1 os gastos do governo. Porque quem tem renda superior a R$ 50 mil por m\u00eas pagar\u00e1 um pouco mais. Tudo sem excessos e respeitando padr\u00f5es internacionais consagrados\u201d, disse o ministro em pronunciamento em cadeia nacional de r\u00e1dio e de televis\u00e3o.<\/span><\/h6>\n<p>Ag\u00eancia Brasil<\/p>\n<\/div>\n<\/div>\n","protected":false},"excerpt":{"rendered":"<p>O governo enviar\u00e1, combinado ao pacote de corte de gastos obrigat\u00f3rios, a proposta para isentar de Imposto de Renda quem ganha at\u00e9 R$ 5 mil por m\u00eas, disse em pronunciamento nesta noite o ministro da Fazenda, Fernando Haddad. Ele esclareceu que a medida n\u00e3o ter\u00e1 impacto sobre as contas p\u00fablicas porque ser\u00e1 bancada com a &hellip;<\/p>\n","protected":false},"author":1,"featured_media":106600,"comment_status":"open","ping_status":"open","sticky":false,"template":"","format":"standard","meta":{"footnotes":""},"categories":[10],"tags":[],"class_list":["post-134065","post","type-post","status-publish","format-standard","has-post-thumbnail","hentry","category-manchetes"],"_links":{"self":[{"href":"https:\/\/iparaiba.com.br\/index.php\/wp-json\/wp\/v2\/posts\/134065","targetHints":{"allow":["GET"]}}],"collection":[{"href":"https:\/\/iparaiba.com.br\/index.php\/wp-json\/wp\/v2\/posts"}],"about":[{"href":"https:\/\/iparaiba.com.br\/index.php\/wp-json\/wp\/v2\/types\/post"}],"author":[{"embeddable":true,"href":"https:\/\/iparaiba.com.br\/index.php\/wp-json\/wp\/v2\/users\/1"}],"replies":[{"embeddable":true,"href":"https:\/\/iparaiba.com.br\/index.php\/wp-json\/wp\/v2\/comments?post=134065"}],"version-history":[{"count":1,"href":"https:\/\/iparaiba.com.br\/index.php\/wp-json\/wp\/v2\/posts\/134065\/revisions"}],"predecessor-version":[{"id":134098,"href":"https:\/\/iparaiba.com.br\/index.php\/wp-json\/wp\/v2\/posts\/134065\/revisions\/134098"}],"wp:featuredmedia":[{"embeddable":true,"href":"https:\/\/iparaiba.com.br\/index.php\/wp-json\/wp\/v2\/media\/106600"}],"wp:attachment":[{"href":"https:\/\/iparaiba.com.br\/index.php\/wp-json\/wp\/v2\/media?parent=134065"}],"wp:term":[{"taxonomy":"category","embeddable":true,"href":"https:\/\/iparaiba.com.br\/index.php\/wp-json\/wp\/v2\/categories?post=134065"},{"taxonomy":"post_tag","embeddable":true,"href":"https:\/\/iparaiba.com.br\/index.php\/wp-json\/wp\/v2\/tags?post=134065"}],"curies":[{"name":"wp","href":"https:\/\/api.w.org\/{rel}","templated":true}]}}