{"id":134063,"date":"2024-12-03T08:00:18","date_gmt":"2024-12-03T11:00:18","guid":{"rendered":"https:\/\/onordeste.com.br\/?p=134056"},"modified":"2024-12-03T08:00:18","modified_gmt":"2024-12-03T11:00:18","slug":"inscricoes-para-selecao-nacional-da-rede-de-cidades-criativas-da-unesco","status":"publish","type":"post","link":"https:\/\/iparaiba.com.br\/index.php\/2024\/12\/03\/inscricoes-para-selecao-nacional-da-rede-de-cidades-criativas-da-unesco\/","title":{"rendered":"Inscri\u00e7\u00f5es para sele\u00e7\u00e3o nacional da Rede de Cidades Criativas da Unesco"},"content":{"rendered":"<p>Munic\u00edpios brasileiros interessados em integrar a Rede de Cidades Criativas da Unesco t\u00eam at\u00e9 20 de janeiro de 2025 para apresentar as candidaturas para a iniciativa. A sele\u00e7\u00e3o nacional \u00e9 coordenada pela Comiss\u00e3o Nacional do Brasil para a Unesco, vinculada ao Minist\u00e9rio das Rela\u00e7\u00f5es Exteriores (MRE), em parceria com os minist\u00e9rios da Cultura (MinC) e do Turismo (MTur).<\/p>\n<p>A Rede, criada em 2004, promove o uso da criatividade como motor para o desenvolvimento sustent\u00e1vel. Os munic\u00edpios participantes assumem o compromisso de impulsionar a produ\u00e7\u00e3o cultural, ampliar o acesso \u00e0 cultura para grupos vulner\u00e1veis, fortalecer as din\u00e2micas econ\u00f4micas de cria\u00e7\u00e3o, produ\u00e7\u00e3o, comercializa\u00e7\u00e3o e consumo de bens e servi\u00e7os culturais e criativos.<\/p>\n<p>Dessa forma, as cidades que comp\u00f5em a Rede trabalham conjuntamente para alcan\u00e7ar um objetivo comum: posicionar a criatividade e a economia criativa no centro de seus planos locais de desenvolvimento, al\u00e9m de cooperar ativamente com os mencionados planos em \u00e2mbito internacional.<\/p>\n","protected":false},"excerpt":{"rendered":"<p>Munic\u00edpios brasileiros interessados em integrar a Rede de Cidades Criativas da Unesco t\u00eam at\u00e9 20 de janeiro de 2025 para apresentar as candidaturas para a iniciativa. A sele\u00e7\u00e3o nacional \u00e9 coordenada pela Comiss\u00e3o Nacional do Brasil para a Unesco, vinculada ao Minist\u00e9rio das Rela\u00e7\u00f5es Exteriores (MRE), em parceria com os minist\u00e9rios da Cultura (MinC) e &hellip;<\/p>\n","protected":false},"author":1,"featured_media":98324,"comment_status":"open","ping_status":"open","sticky":false,"template":"","format":"standard","meta":{"footnotes":""},"categories":[18],"tags":[],"class_list":["post-134063","post","type-post","status-publish","format-standard","has-post-thumbnail","hentry","category-brasil"],"_links":{"self":[{"href":"https:\/\/iparaiba.com.br\/index.php\/wp-json\/wp\/v2\/posts\/134063","targetHints":{"allow":["GET"]}}],"collection":[{"href":"https:\/\/iparaiba.com.br\/index.php\/wp-json\/wp\/v2\/posts"}],"about":[{"href":"https:\/\/iparaiba.com.br\/index.php\/wp-json\/wp\/v2\/types\/post"}],"author":[{"embeddable":true,"href":"https:\/\/iparaiba.com.br\/index.php\/wp-json\/wp\/v2\/users\/1"}],"replies":[{"embeddable":true,"href":"https:\/\/iparaiba.com.br\/index.php\/wp-json\/wp\/v2\/comments?post=134063"}],"version-history":[{"count":1,"href":"https:\/\/iparaiba.com.br\/index.php\/wp-json\/wp\/v2\/posts\/134063\/revisions"}],"predecessor-version":[{"id":134096,"href":"https:\/\/iparaiba.com.br\/index.php\/wp-json\/wp\/v2\/posts\/134063\/revisions\/134096"}],"wp:featuredmedia":[{"embeddable":true,"href":"https:\/\/iparaiba.com.br\/index.php\/wp-json\/wp\/v2\/media\/98324"}],"wp:attachment":[{"href":"https:\/\/iparaiba.com.br\/index.php\/wp-json\/wp\/v2\/media?parent=134063"}],"wp:term":[{"taxonomy":"category","embeddable":true,"href":"https:\/\/iparaiba.com.br\/index.php\/wp-json\/wp\/v2\/categories?post=134063"},{"taxonomy":"post_tag","embeddable":true,"href":"https:\/\/iparaiba.com.br\/index.php\/wp-json\/wp\/v2\/tags?post=134063"}],"curies":[{"name":"wp","href":"https:\/\/api.w.org\/{rel}","templated":true}]}}