{"id":134062,"date":"2024-12-03T06:00:05","date_gmt":"2024-12-03T09:00:05","guid":{"rendered":"https:\/\/onordeste.com.br\/?p=134054"},"modified":"2024-12-03T06:00:05","modified_gmt":"2024-12-03T09:00:05","slug":"policia-aborda-carro-e-apreende-arma-e-municoes","status":"publish","type":"post","link":"https:\/\/iparaiba.com.br\/index.php\/2024\/12\/03\/policia-aborda-carro-e-apreende-arma-e-municoes\/","title":{"rendered":"Pol\u00edcia aborda carro e apreende arma e muni\u00e7\u00f5es"},"content":{"rendered":"<p>A Pol\u00edcia Militar abordou um carro e prendeu um suspeito com um rev\u00f3lver e muni\u00e7\u00f5es, nesta quinta-feira (28), \u00e0s margens da BR 230, na cidade de Bayeux. A abordagem ao ve\u00edculo foi feita pelos policiais da 4\u00aa Companhia Independente da PM, perto de um condom\u00ednio que fica na regi\u00e3o.<\/p>\n<p>O preso \u00e9 morador do bairro Rio do Meio, em Bayeux. A pris\u00e3o foi realizada depois que os policiais receberam den\u00fancia, atrav\u00e9s do Centro Integrado de Comando e Controle (CICC). O ve\u00edculo n\u00e3o tinha nenhuma irregularidade.<\/p>\n<p>O caso foi levado para a 6\u00aa Delegacia Distrital, em Santa Rita.<\/p>\n","protected":false},"excerpt":{"rendered":"<p>A Pol\u00edcia Militar abordou um carro e prendeu um suspeito com um rev\u00f3lver e muni\u00e7\u00f5es, nesta quinta-feira (28), \u00e0s margens da BR 230, na cidade de Bayeux. A abordagem ao ve\u00edculo foi feita pelos policiais da 4\u00aa Companhia Independente da PM, perto de um condom\u00ednio que fica na regi\u00e3o. O preso \u00e9 morador do bairro &hellip;<\/p>\n","protected":false},"author":1,"featured_media":109043,"comment_status":"open","ping_status":"open","sticky":false,"template":"","format":"standard","meta":{"footnotes":""},"categories":[13],"tags":[],"class_list":["post-134062","post","type-post","status-publish","format-standard","has-post-thumbnail","hentry","category-policial"],"_links":{"self":[{"href":"https:\/\/iparaiba.com.br\/index.php\/wp-json\/wp\/v2\/posts\/134062","targetHints":{"allow":["GET"]}}],"collection":[{"href":"https:\/\/iparaiba.com.br\/index.php\/wp-json\/wp\/v2\/posts"}],"about":[{"href":"https:\/\/iparaiba.com.br\/index.php\/wp-json\/wp\/v2\/types\/post"}],"author":[{"embeddable":true,"href":"https:\/\/iparaiba.com.br\/index.php\/wp-json\/wp\/v2\/users\/1"}],"replies":[{"embeddable":true,"href":"https:\/\/iparaiba.com.br\/index.php\/wp-json\/wp\/v2\/comments?post=134062"}],"version-history":[{"count":1,"href":"https:\/\/iparaiba.com.br\/index.php\/wp-json\/wp\/v2\/posts\/134062\/revisions"}],"predecessor-version":[{"id":134095,"href":"https:\/\/iparaiba.com.br\/index.php\/wp-json\/wp\/v2\/posts\/134062\/revisions\/134095"}],"wp:featuredmedia":[{"embeddable":true,"href":"https:\/\/iparaiba.com.br\/index.php\/wp-json\/wp\/v2\/media\/109043"}],"wp:attachment":[{"href":"https:\/\/iparaiba.com.br\/index.php\/wp-json\/wp\/v2\/media?parent=134062"}],"wp:term":[{"taxonomy":"category","embeddable":true,"href":"https:\/\/iparaiba.com.br\/index.php\/wp-json\/wp\/v2\/categories?post=134062"},{"taxonomy":"post_tag","embeddable":true,"href":"https:\/\/iparaiba.com.br\/index.php\/wp-json\/wp\/v2\/tags?post=134062"}],"curies":[{"name":"wp","href":"https:\/\/api.w.org\/{rel}","templated":true}]}}