{"id":134059,"date":"2024-12-02T13:00:22","date_gmt":"2024-12-02T16:00:22","guid":{"rendered":"https:\/\/onordeste.com.br\/?p=134048"},"modified":"2024-12-02T13:00:22","modified_gmt":"2024-12-02T16:00:22","slug":"saude-reforca-acoes-para-prevencao-contra-o-hiv","status":"publish","type":"post","link":"https:\/\/iparaiba.com.br\/index.php\/2024\/12\/02\/saude-reforca-acoes-para-prevencao-contra-o-hiv\/","title":{"rendered":"Sa\u00fade refor\u00e7a a\u00e7\u00f5es para preven\u00e7\u00e3o contra o HIV"},"content":{"rendered":"<p>Desde o ano de 2017, a partir da Lei n\u00ba 13.504, o m\u00eas de dezembro marca uma grande mobiliza\u00e7\u00e3o nacional na luta contra o v\u00edrus HIV e outras Infec\u00e7\u00f5es Sexualmente Transmiss\u00edveis (ISTs). Na Capital, o \u2018Dezembro Vermelho\u2019 chama a aten\u00e7\u00e3o para a import\u00e2ncia da preven\u00e7\u00e3o \u00e0s ISTs e cuidado cont\u00ednuo e a\u00e7\u00f5es por toda a cidade refor\u00e7am a campanha.<\/p>\n<p>Para marcar o in\u00edcio das atividades alusivas, a Secretaria Municipal de Sa\u00fade (SMS) estar\u00e1 realizando neste domingo, 1\u00ba de dezembro, data que marca o Dia Mundial de Luta contra a AIDS, uma a\u00e7\u00e3o no Busto de Tamandar\u00e9, das 17h \u00e0s 21h. Na ocasi\u00e3o, estar\u00e3o sendo ofertados testes para detec\u00e7\u00e3o de ISTs e Hepatites Virais, al\u00e9m de rodas de conversa e orienta\u00e7\u00f5es sobre preven\u00e7\u00e3o e formas de cuidados e distribui\u00e7\u00e3o de preservativos.<\/p>\n","protected":false},"excerpt":{"rendered":"<p>Desde o ano de 2017, a partir da Lei n\u00ba 13.504, o m\u00eas de dezembro marca uma grande mobiliza\u00e7\u00e3o nacional na luta contra o v\u00edrus HIV e outras Infec\u00e7\u00f5es Sexualmente Transmiss\u00edveis (ISTs). Na Capital, o \u2018Dezembro Vermelho\u2019 chama a aten\u00e7\u00e3o para a import\u00e2ncia da preven\u00e7\u00e3o \u00e0s ISTs e cuidado cont\u00ednuo e a\u00e7\u00f5es por toda a &hellip;<\/p>\n","protected":false},"author":1,"featured_media":106247,"comment_status":"open","ping_status":"open","sticky":false,"template":"","format":"standard","meta":{"footnotes":""},"categories":[2],"tags":[],"class_list":["post-134059","post","type-post","status-publish","format-standard","has-post-thumbnail","hentry","category-saude"],"_links":{"self":[{"href":"https:\/\/iparaiba.com.br\/index.php\/wp-json\/wp\/v2\/posts\/134059","targetHints":{"allow":["GET"]}}],"collection":[{"href":"https:\/\/iparaiba.com.br\/index.php\/wp-json\/wp\/v2\/posts"}],"about":[{"href":"https:\/\/iparaiba.com.br\/index.php\/wp-json\/wp\/v2\/types\/post"}],"author":[{"embeddable":true,"href":"https:\/\/iparaiba.com.br\/index.php\/wp-json\/wp\/v2\/users\/1"}],"replies":[{"embeddable":true,"href":"https:\/\/iparaiba.com.br\/index.php\/wp-json\/wp\/v2\/comments?post=134059"}],"version-history":[{"count":1,"href":"https:\/\/iparaiba.com.br\/index.php\/wp-json\/wp\/v2\/posts\/134059\/revisions"}],"predecessor-version":[{"id":134092,"href":"https:\/\/iparaiba.com.br\/index.php\/wp-json\/wp\/v2\/posts\/134059\/revisions\/134092"}],"wp:featuredmedia":[{"embeddable":true,"href":"https:\/\/iparaiba.com.br\/index.php\/wp-json\/wp\/v2\/media\/106247"}],"wp:attachment":[{"href":"https:\/\/iparaiba.com.br\/index.php\/wp-json\/wp\/v2\/media?parent=134059"}],"wp:term":[{"taxonomy":"category","embeddable":true,"href":"https:\/\/iparaiba.com.br\/index.php\/wp-json\/wp\/v2\/categories?post=134059"},{"taxonomy":"post_tag","embeddable":true,"href":"https:\/\/iparaiba.com.br\/index.php\/wp-json\/wp\/v2\/tags?post=134059"}],"curies":[{"name":"wp","href":"https:\/\/api.w.org\/{rel}","templated":true}]}}