{"id":134034,"date":"2024-11-28T11:25:48","date_gmt":"2024-11-28T14:25:48","guid":{"rendered":"https:\/\/onordeste.com.br\/?p=133991"},"modified":"2024-11-28T11:25:48","modified_gmt":"2024-11-28T14:25:48","slug":"caged-registra-criacao-de-1327-mil-postos-de-trabalho","status":"publish","type":"post","link":"https:\/\/iparaiba.com.br\/index.php\/2024\/11\/28\/caged-registra-criacao-de-1327-mil-postos-de-trabalho\/","title":{"rendered":"Caged registra cria\u00e7\u00e3o de 132,7 mil postos de trabalho"},"content":{"rendered":"<p>A cria\u00e7\u00e3o de emprego formal caiu em outubro. Segundo dados divulgados pelo Cadastro Geral de Empregados e Desempregados (Caged), do Minist\u00e9rio do Trabalho e Emprego, 132.714 postos de trabalho com carteira assinada foram abertos no \u00faltimo m\u00eas. O indicador mede a diferen\u00e7a entre contrata\u00e7\u00f5es e demiss\u00f5es.<\/p>\n<p>Em rela\u00e7\u00e3o aos meses de outubro, o volume \u00e9 o menor desde 2020, quando se iniciou a metodologia atual do Caged. A gera\u00e7\u00e3o de empregos caiu 30,3% em rela\u00e7\u00e3o ao mesmo m\u00eas do ano passado. Em outubro de 2023, tinham sido criados 190.366 postos de trabalho, nos dados com ajuste, que consideram declara\u00e7\u00f5es entregues em atraso pelos empregadores.<\/p>\n<p>Em entrevista coletiva, o ministro do Trabalho e Emprego, Luiz Marinho, disse que os juros altos contribu\u00edram para a desacelera\u00e7\u00e3o na abertura de vagas.<\/p>\n<p>\u201cEspero que a transi\u00e7\u00e3o do Banco Central venha a ajudar isso no tempo. Creio que o Banco Central n\u00e3o foi colaborativo nesse per\u00edodo de analisar completamente os indicadores macroecon\u00f4micos e ajudar nas decis\u00f5es para a gente n\u00e3o perder o ritmo de crescimento. Houve uma desacelera\u00e7\u00e3o [na cria\u00e7\u00e3o de empregos]\u201d, disse o ministro.<\/p>\n<p>Ag\u00eancia Brasil<\/p>\n","protected":false},"excerpt":{"rendered":"<p>A cria\u00e7\u00e3o de emprego formal caiu em outubro. Segundo dados divulgados pelo Cadastro Geral de Empregados e Desempregados (Caged), do Minist\u00e9rio do Trabalho e Emprego, 132.714 postos de trabalho com carteira assinada foram abertos no \u00faltimo m\u00eas. O indicador mede a diferen\u00e7a entre contrata\u00e7\u00f5es e demiss\u00f5es. Em rela\u00e7\u00e3o aos meses de outubro, o volume \u00e9 &hellip;<\/p>\n","protected":false},"author":1,"featured_media":134039,"comment_status":"open","ping_status":"open","sticky":false,"template":"","format":"standard","meta":{"footnotes":""},"categories":[12],"tags":[],"class_list":["post-134034","post","type-post","status-publish","format-standard","has-post-thumbnail","hentry","category-emprego"],"_links":{"self":[{"href":"https:\/\/iparaiba.com.br\/index.php\/wp-json\/wp\/v2\/posts\/134034","targetHints":{"allow":["GET"]}}],"collection":[{"href":"https:\/\/iparaiba.com.br\/index.php\/wp-json\/wp\/v2\/posts"}],"about":[{"href":"https:\/\/iparaiba.com.br\/index.php\/wp-json\/wp\/v2\/types\/post"}],"author":[{"embeddable":true,"href":"https:\/\/iparaiba.com.br\/index.php\/wp-json\/wp\/v2\/users\/1"}],"replies":[{"embeddable":true,"href":"https:\/\/iparaiba.com.br\/index.php\/wp-json\/wp\/v2\/comments?post=134034"}],"version-history":[{"count":0,"href":"https:\/\/iparaiba.com.br\/index.php\/wp-json\/wp\/v2\/posts\/134034\/revisions"}],"wp:featuredmedia":[{"embeddable":true,"href":"https:\/\/iparaiba.com.br\/index.php\/wp-json\/wp\/v2\/media\/134039"}],"wp:attachment":[{"href":"https:\/\/iparaiba.com.br\/index.php\/wp-json\/wp\/v2\/media?parent=134034"}],"wp:term":[{"taxonomy":"category","embeddable":true,"href":"https:\/\/iparaiba.com.br\/index.php\/wp-json\/wp\/v2\/categories?post=134034"},{"taxonomy":"post_tag","embeddable":true,"href":"https:\/\/iparaiba.com.br\/index.php\/wp-json\/wp\/v2\/tags?post=134034"}],"curies":[{"name":"wp","href":"https:\/\/api.w.org\/{rel}","templated":true}]}}