{"id":134032,"date":"2024-11-28T11:22:42","date_gmt":"2024-11-28T14:22:42","guid":{"rendered":"https:\/\/onordeste.com.br\/?p=133986"},"modified":"2024-11-28T11:22:42","modified_gmt":"2024-11-28T14:22:42","slug":"comecam-pagamentos-dos-servidores","status":"publish","type":"post","link":"https:\/\/iparaiba.com.br\/index.php\/2024\/11\/28\/comecam-pagamentos-dos-servidores\/","title":{"rendered":"Come\u00e7am pagamentos dos servidores"},"content":{"rendered":"<p>O calend\u00e1rio de pagamento de fim de ano do Governo da Para\u00edba tem in\u00edcio nesta quinta-feira (28), quando recebem aposentados e pensionistas. A folha referente a novembro ser\u00e1 conclu\u00edda nesta sexta-feira (29), com os servidores da ativa da administra\u00e7\u00e3o direta e indireta. At\u00e9 o pr\u00f3ximo dia 27, em um per\u00edodo de menos de 30 dias, ser\u00e3o injetados R$ 2,4 bilh\u00f5es na economia paraibana \u2014 o que inclui, al\u00e9m da folha de novembro, a segunda parcela do 13\u00b0 sal\u00e1rio, o Abono Natalino para cerca de 670 mil fam\u00edlias, e a folha de dezembro.<\/p>\n<p>A iniciativa aquece setores como com\u00e9rcio e servi\u00e7os, gerando emprego e renda em todo o Estado.<\/p>\n<p>O an\u00fancio do calend\u00e1rio de pagamentos de fim de ano dos servidores estaduais foi feito pelo governador Jo\u00e3o Azev\u00eado na segunda-feira (25), quando ele destacou: \u201c\u00c9 dessa forma que seguimos gerando emprego e renda, fortalecendo o setor varejista com a circula\u00e7\u00e3o de recursos, fazendo a ind\u00fastria tamb\u00e9m produzir mais. Essa capacidade financeira \u00e9 resultado do equil\u00edbrio da nossa gest\u00e3o fiscal, reconhecida pelo Tesouro Nacional com Capag A pelo quarto ano consecutivo e eu fico muito feliz por ter uma equipe de governo comprometida com a efic\u00e1cia das pol\u00edticas p\u00fablicas, fazendo uma gest\u00e3o correta, justa e que tem transformado vidas\u201d.<\/p>\n<p>De acordo com a programa\u00e7\u00e3o, o Abono Natalino ser\u00e1 pago de 10 a 23 de dezembro. J\u00e1 o sal\u00e1rio de dezembro ser\u00e1 pago nos dias 26 e 27 do pr\u00f3ximo m\u00eas. J\u00e1 as datas do pagamento do 14\u00ba e 15\u00ba sal\u00e1rios da Educa\u00e7\u00e3o, referentes \u00e0s premia\u00e7\u00f5es de experi\u00eancias administrativas e pr\u00e1ticas pedag\u00f3gicas exitosas em escolas da Rede Estadual de Ensino, ser\u00e3o divulgadas nos pr\u00f3ximos dias.<\/p>\n<p><strong>Calend\u00e1rio de pagamentos:<\/strong><\/p>\n<p>28\/11 \u2013 pagamento dos sal\u00e1rios de novembro dos servidores aposentados, pensionistas e reformados<\/p>\n<p>29\/11 \u2013 pagamento dos sal\u00e1rios de novembro dos servidores da ativa das administra\u00e7\u00f5es direta e indireta<\/p>\n<p>09\/12 \u2013 pagamento da segunda parcela do 13\u00ba sal\u00e1rio do funcionalismo p\u00fablico estadual<\/p>\n<p>10\/12 a 23\/12 \u2013 pagamento do abono natalino<\/p>\n<p>26\/12 \u2013 pagamento dos sal\u00e1rios de dezembro dos servidores aposentados, pensionistas e reformados<\/p>\n<p>27\/12 \u2013 pagamento dos sal\u00e1rios de dezembro dos servidores da ativa das administra\u00e7\u00f5es direta e indireta<\/p>\n","protected":false},"excerpt":{"rendered":"<p>O calend\u00e1rio de pagamento de fim de ano do Governo da Para\u00edba tem in\u00edcio nesta quinta-feira (28), quando recebem aposentados e pensionistas. A folha referente a novembro ser\u00e1 conclu\u00edda nesta sexta-feira (29), com os servidores da ativa da administra\u00e7\u00e3o direta e indireta. At\u00e9 o pr\u00f3ximo dia 27, em um per\u00edodo de menos de 30 dias, &hellip;<\/p>\n","protected":false},"author":1,"featured_media":97620,"comment_status":"open","ping_status":"open","sticky":false,"template":"","format":"standard","meta":{"footnotes":""},"categories":[12],"tags":[],"class_list":["post-134032","post","type-post","status-publish","format-standard","has-post-thumbnail","hentry","category-emprego"],"_links":{"self":[{"href":"https:\/\/iparaiba.com.br\/index.php\/wp-json\/wp\/v2\/posts\/134032","targetHints":{"allow":["GET"]}}],"collection":[{"href":"https:\/\/iparaiba.com.br\/index.php\/wp-json\/wp\/v2\/posts"}],"about":[{"href":"https:\/\/iparaiba.com.br\/index.php\/wp-json\/wp\/v2\/types\/post"}],"author":[{"embeddable":true,"href":"https:\/\/iparaiba.com.br\/index.php\/wp-json\/wp\/v2\/users\/1"}],"replies":[{"embeddable":true,"href":"https:\/\/iparaiba.com.br\/index.php\/wp-json\/wp\/v2\/comments?post=134032"}],"version-history":[{"count":0,"href":"https:\/\/iparaiba.com.br\/index.php\/wp-json\/wp\/v2\/posts\/134032\/revisions"}],"wp:featuredmedia":[{"embeddable":true,"href":"https:\/\/iparaiba.com.br\/index.php\/wp-json\/wp\/v2\/media\/97620"}],"wp:attachment":[{"href":"https:\/\/iparaiba.com.br\/index.php\/wp-json\/wp\/v2\/media?parent=134032"}],"wp:term":[{"taxonomy":"category","embeddable":true,"href":"https:\/\/iparaiba.com.br\/index.php\/wp-json\/wp\/v2\/categories?post=134032"},{"taxonomy":"post_tag","embeddable":true,"href":"https:\/\/iparaiba.com.br\/index.php\/wp-json\/wp\/v2\/tags?post=134032"}],"curies":[{"name":"wp","href":"https:\/\/api.w.org\/{rel}","templated":true}]}}