{"id":134013,"date":"2024-11-29T10:00:29","date_gmt":"2024-11-29T13:00:29","guid":{"rendered":"https:\/\/onordeste.com.br\/?p=134009"},"modified":"2024-11-29T10:00:29","modified_gmt":"2024-11-29T13:00:29","slug":"ifpb-realiza-formatura-de-turma-pioneira-de-reeducandos","status":"publish","type":"post","link":"https:\/\/iparaiba.com.br\/index.php\/2024\/11\/29\/ifpb-realiza-formatura-de-turma-pioneira-de-reeducandos\/","title":{"rendered":"IFPB realiza formatura de turma pioneira de reeducandos"},"content":{"rendered":"<p>Mais de 20 reeducandos do sistema prisional paraibano que cumprem pena no regime aberto se formaram este m\u00eas, no curso de Eletricista de Sistemas de Energias Renov\u00e1veis no Instituto Federal da Para\u00edba (IFPB), por meio de parceria firmada pelo Escrit\u00f3rio Social de Campina Grande. A turma pioneira destacou a import\u00e2ncia do curso e recebeu a bolsa de estudo e a di\u00e1ria do translado, al\u00e9m de fardamento e material de curso.<\/p>\n<p>O curso de Instalador de Sistema Fotovoltaicos contou com 200 horas-aula e qualifica a dimensionar, supervisionar, especificar, instalar, operar e manter sistemas fotovoltaicos de acordo com as normas e procedimentos t\u00e9cnicos, garantindo qualidade e seguran\u00e7a na instala\u00e7\u00e3o dos sistemas fotovoltaicos.<\/p>\n<p>O coordenador do Escrit\u00f3rio Social-CG, Gutemberg Marques, falou sobre a import\u00e2ncia das parcerias para a reinser\u00e7\u00e3o. \u201cNosso objetivo \u00e9 incentivar a qualifica\u00e7\u00e3o de forma permanente e para isto estamos realizando parcerias para novos cursos, inclusive j\u00e1 temos um outro curso pelo IFPB previsto e, com isto, pretendemos proporcionar oportunidades de profissionaliza\u00e7\u00e3o para a reinser\u00e7\u00e3o do egresso no mercado de trabalho\u201d.<\/p>\n<p>No Escrit\u00f3rio Social s\u00e3o realizados atendimentos e servi\u00e7os para dar suporte \u00e0s pessoas egressas do sistema penitenci\u00e1rio e seus familiares, propondo a cria\u00e7\u00e3o de uma pol\u00edtica intersetorial e interinstitucional de inclus\u00e3o social dos egressos do Sistema Penitenci\u00e1rio.<\/p>\n<p>O equipamento foi institu\u00eddo pelo Governo da Para\u00edba, na estrutura da Secretaria da Administra\u00e7\u00e3o Penitenci\u00e1ria, resultado da articula\u00e7\u00e3o entre o Conselho Nacional de Justi\u00e7a, Tribunal de Justi\u00e7a da Para\u00edba, Secretaria de Estado do Desenvolvimento Humano, Secretaria de Estado da Mulher e da Diversidade Humana e Secretaria de Administra\u00e7\u00e3o Penitenci\u00e1ria.<\/p>\n","protected":false},"excerpt":{"rendered":"<p>Mais de 20 reeducandos do sistema prisional paraibano que cumprem pena no regime aberto se formaram este m\u00eas, no curso de Eletricista de Sistemas de Energias Renov\u00e1veis no Instituto Federal da Para\u00edba (IFPB), por meio de parceria firmada pelo Escrit\u00f3rio Social de Campina Grande. A turma pioneira destacou a import\u00e2ncia do curso e recebeu a &hellip;<\/p>\n","protected":false},"author":1,"featured_media":107205,"comment_status":"open","ping_status":"open","sticky":false,"template":"","format":"standard","meta":{"footnotes":""},"categories":[11],"tags":[],"class_list":["post-134013","post","type-post","status-publish","format-standard","has-post-thumbnail","hentry","category-educacao"],"_links":{"self":[{"href":"https:\/\/iparaiba.com.br\/index.php\/wp-json\/wp\/v2\/posts\/134013","targetHints":{"allow":["GET"]}}],"collection":[{"href":"https:\/\/iparaiba.com.br\/index.php\/wp-json\/wp\/v2\/posts"}],"about":[{"href":"https:\/\/iparaiba.com.br\/index.php\/wp-json\/wp\/v2\/types\/post"}],"author":[{"embeddable":true,"href":"https:\/\/iparaiba.com.br\/index.php\/wp-json\/wp\/v2\/users\/1"}],"replies":[{"embeddable":true,"href":"https:\/\/iparaiba.com.br\/index.php\/wp-json\/wp\/v2\/comments?post=134013"}],"version-history":[{"count":1,"href":"https:\/\/iparaiba.com.br\/index.php\/wp-json\/wp\/v2\/posts\/134013\/revisions"}],"predecessor-version":[{"id":134045,"href":"https:\/\/iparaiba.com.br\/index.php\/wp-json\/wp\/v2\/posts\/134013\/revisions\/134045"}],"wp:featuredmedia":[{"embeddable":true,"href":"https:\/\/iparaiba.com.br\/index.php\/wp-json\/wp\/v2\/media\/107205"}],"wp:attachment":[{"href":"https:\/\/iparaiba.com.br\/index.php\/wp-json\/wp\/v2\/media?parent=134013"}],"wp:term":[{"taxonomy":"category","embeddable":true,"href":"https:\/\/iparaiba.com.br\/index.php\/wp-json\/wp\/v2\/categories?post=134013"},{"taxonomy":"post_tag","embeddable":true,"href":"https:\/\/iparaiba.com.br\/index.php\/wp-json\/wp\/v2\/tags?post=134013"}],"curies":[{"name":"wp","href":"https:\/\/api.w.org\/{rel}","templated":true}]}}