{"id":134010,"date":"2024-11-28T17:36:52","date_gmt":"2024-11-28T20:36:52","guid":{"rendered":"https:\/\/onordeste.com.br\/?p=134003"},"modified":"2024-11-28T17:36:52","modified_gmt":"2024-11-28T20:36:52","slug":"governo-adere-ao-pacto-nacional-de-prevencao-aos-feminicidios","status":"publish","type":"post","link":"https:\/\/iparaiba.com.br\/index.php\/2024\/11\/28\/governo-adere-ao-pacto-nacional-de-prevencao-aos-feminicidios\/","title":{"rendered":"Governo adere ao Pacto Nacional de Preven\u00e7\u00e3o aos Feminic\u00eddios"},"content":{"rendered":"<p>O Governo da Para\u00edba, por meio da Secretaria de Estado da Mulher e da Diversidade Humana (Semdh), aderiu, nessa ter\u00e7a-feira (26) ao Pacto Nacional de Preven\u00e7\u00e3o aos Feminic\u00eddios, em um evento que contou com a presen\u00e7a da ministra das Mulheres, Cida Gon\u00e7alves, durante o Encontro de Gestoras Estaduais de Pol\u00edticas para as Mulheres, realizado em Bras\u00edlia. O evento reuniu representantes de 21 estados e do Distrito Federal para debater estrat\u00e9gias de fortalecimento das pol\u00edticas p\u00fablicas voltadas \u00e0 garantia dos direitos das mulheres e ao enfrentamento \u00e0 viol\u00eancia de g\u00eanero.<\/p>\n<p>Com a assinatura do acordo, a Para\u00edba passa a integrar os esfor\u00e7os nacionais na constru\u00e7\u00e3o dos Planos Estaduais de Preven\u00e7\u00e3o aos Feminic\u00eddios. Institu\u00eddo pelo Decreto n\u00ba 11.640\/2023, o Pacto prev\u00ea 73 a\u00e7\u00f5es governamentais intersetoriais, alinhadas \u00e0 perspectiva de g\u00eanero e suas interseccionalidades, com o objetivo de prevenir todas as formas de discrimina\u00e7\u00e3o, misoginia e viol\u00eancia contra mulheres e meninas.<\/p>\n","protected":false},"excerpt":{"rendered":"<p>O Governo da Para\u00edba, por meio da Secretaria de Estado da Mulher e da Diversidade Humana (Semdh), aderiu, nessa ter\u00e7a-feira (26) ao Pacto Nacional de Preven\u00e7\u00e3o aos Feminic\u00eddios, em um evento que contou com a presen\u00e7a da ministra das Mulheres, Cida Gon\u00e7alves, durante o Encontro de Gestoras Estaduais de Pol\u00edticas para as Mulheres, realizado em &hellip;<\/p>\n","protected":false},"author":1,"featured_media":116741,"comment_status":"open","ping_status":"open","sticky":false,"template":"","format":"standard","meta":{"footnotes":""},"categories":[6],"tags":[],"class_list":["post-134010","post","type-post","status-publish","format-standard","has-post-thumbnail","hentry","category-destaques"],"_links":{"self":[{"href":"https:\/\/iparaiba.com.br\/index.php\/wp-json\/wp\/v2\/posts\/134010","targetHints":{"allow":["GET"]}}],"collection":[{"href":"https:\/\/iparaiba.com.br\/index.php\/wp-json\/wp\/v2\/posts"}],"about":[{"href":"https:\/\/iparaiba.com.br\/index.php\/wp-json\/wp\/v2\/types\/post"}],"author":[{"embeddable":true,"href":"https:\/\/iparaiba.com.br\/index.php\/wp-json\/wp\/v2\/users\/1"}],"replies":[{"embeddable":true,"href":"https:\/\/iparaiba.com.br\/index.php\/wp-json\/wp\/v2\/comments?post=134010"}],"version-history":[{"count":1,"href":"https:\/\/iparaiba.com.br\/index.php\/wp-json\/wp\/v2\/posts\/134010\/revisions"}],"predecessor-version":[{"id":134042,"href":"https:\/\/iparaiba.com.br\/index.php\/wp-json\/wp\/v2\/posts\/134010\/revisions\/134042"}],"wp:featuredmedia":[{"embeddable":true,"href":"https:\/\/iparaiba.com.br\/index.php\/wp-json\/wp\/v2\/media\/116741"}],"wp:attachment":[{"href":"https:\/\/iparaiba.com.br\/index.php\/wp-json\/wp\/v2\/media?parent=134010"}],"wp:term":[{"taxonomy":"category","embeddable":true,"href":"https:\/\/iparaiba.com.br\/index.php\/wp-json\/wp\/v2\/categories?post=134010"},{"taxonomy":"post_tag","embeddable":true,"href":"https:\/\/iparaiba.com.br\/index.php\/wp-json\/wp\/v2\/tags?post=134010"}],"curies":[{"name":"wp","href":"https:\/\/api.w.org\/{rel}","templated":true}]}}