{"id":134008,"date":"2024-11-28T13:00:26","date_gmt":"2024-11-28T16:00:26","guid":{"rendered":"https:\/\/onordeste.com.br\/?p=133998"},"modified":"2024-11-28T13:00:26","modified_gmt":"2024-11-28T16:00:26","slug":"recursos-para-implementacao-do-programa-agua-doce","status":"publish","type":"post","link":"https:\/\/iparaiba.com.br\/index.php\/2024\/11\/28\/recursos-para-implementacao-do-programa-agua-doce\/","title":{"rendered":"Recursos para implementa\u00e7\u00e3o do programa \u00c1gua Doce"},"content":{"rendered":"<p>A 00Para\u00edba ser\u00e1 contemplada com R$ 10 milh\u00f5es para a implementa\u00e7\u00e3o do Programa \u00c1gua Doce, no per\u00edodo de 2025 a 2028. A assinatura simb\u00f3lica dos novos instrumentos de repasse de recurso foi realizada pelo secret\u00e1rio nacional de Seguran\u00e7a H\u00eddrica do Minist\u00e9rio da Integra\u00e7\u00e3o e Desenvolvimento Regional (MIDR), Giuseppe Serra Seca Vieira, durante o IX Encontro Nacional de Capacita\u00e7\u00e3o e Integra\u00e7\u00e3o do PAD-Novo Ciclo; que acontece nesta quarta-feira (13) e quinta-feira (14), em Aracaju (SE).<\/p>\n<p>Os recursos destinados \u00e0 Para\u00edba ser\u00e3o para constru\u00e7\u00e3o de 23 sistemas de dessaliniza\u00e7\u00e3o nas regi\u00f5es do Curimata\u00fa e do Serid\u00f3 e gerenciamento de outros 30 j\u00e1 em constru\u00e7\u00e3o. Foi o que explicou o coordenador estadual do Programa \u00c1gua Doce, Robi Tabolka, que acompanha a equipe do Estado formada por t\u00e9cnicos, operadores e gestor do programa no evento. A programa\u00e7\u00e3o conta com mesa de di\u00e1logo sobre a implementa\u00e7\u00e3o do PAD, troca de experi\u00eancias e perspectivas sob a \u00f3ticas dos estados, boas pr\u00e1ticas, presta\u00e7\u00e3o de contas, gest\u00e3o de conv\u00eanios e visita de campo a um sistema de dessaliniza\u00e7\u00e3o, no munic\u00edpio de Po\u00e7o Verde (SE).<\/p>\n<p>O gestor do Sistema de Dessaliniza\u00e7\u00e3o do Munic\u00edpio de Amparo, Everaldo Eronides Maciel, considerado como refer\u00eancia entre os sistemas da Para\u00edba, representou o Estado na mesa de autoridades. Ele falou dos benef\u00edcios do PAD para a popula\u00e7\u00e3o e do processo de melhoria que vem implementando com o apoio do poder p\u00fablico e da comunidade beneficiada. O programa \u00e9 desenvolvido no Estado pela Secretaria da Infraestrutura e dos Recursos H\u00eddricos (Seirh), por meio de gest\u00e3o compartilhada, com munic\u00edpios e a comunidade, em parceria com o governo federal.<\/p>\n","protected":false},"excerpt":{"rendered":"<p>A 00Para\u00edba ser\u00e1 contemplada com R$ 10 milh\u00f5es para a implementa\u00e7\u00e3o do Programa \u00c1gua Doce, no per\u00edodo de 2025 a 2028. A assinatura simb\u00f3lica dos novos instrumentos de repasse de recurso foi realizada pelo secret\u00e1rio nacional de Seguran\u00e7a H\u00eddrica do Minist\u00e9rio da Integra\u00e7\u00e3o e Desenvolvimento Regional (MIDR), Giuseppe Serra Seca Vieira, durante o IX Encontro &hellip;<\/p>\n","protected":false},"author":1,"featured_media":134037,"comment_status":"open","ping_status":"open","sticky":false,"template":"","format":"standard","meta":{"footnotes":""},"categories":[3],"tags":[],"class_list":["post-134008","post","type-post","status-publish","format-standard","has-post-thumbnail","hentry","category-nordeste"],"_links":{"self":[{"href":"https:\/\/iparaiba.com.br\/index.php\/wp-json\/wp\/v2\/posts\/134008","targetHints":{"allow":["GET"]}}],"collection":[{"href":"https:\/\/iparaiba.com.br\/index.php\/wp-json\/wp\/v2\/posts"}],"about":[{"href":"https:\/\/iparaiba.com.br\/index.php\/wp-json\/wp\/v2\/types\/post"}],"author":[{"embeddable":true,"href":"https:\/\/iparaiba.com.br\/index.php\/wp-json\/wp\/v2\/users\/1"}],"replies":[{"embeddable":true,"href":"https:\/\/iparaiba.com.br\/index.php\/wp-json\/wp\/v2\/comments?post=134008"}],"version-history":[{"count":1,"href":"https:\/\/iparaiba.com.br\/index.php\/wp-json\/wp\/v2\/posts\/134008\/revisions"}],"predecessor-version":[{"id":134040,"href":"https:\/\/iparaiba.com.br\/index.php\/wp-json\/wp\/v2\/posts\/134008\/revisions\/134040"}],"wp:featuredmedia":[{"embeddable":true,"href":"https:\/\/iparaiba.com.br\/index.php\/wp-json\/wp\/v2\/media\/134037"}],"wp:attachment":[{"href":"https:\/\/iparaiba.com.br\/index.php\/wp-json\/wp\/v2\/media?parent=134008"}],"wp:term":[{"taxonomy":"category","embeddable":true,"href":"https:\/\/iparaiba.com.br\/index.php\/wp-json\/wp\/v2\/categories?post=134008"},{"taxonomy":"post_tag","embeddable":true,"href":"https:\/\/iparaiba.com.br\/index.php\/wp-json\/wp\/v2\/tags?post=134008"}],"curies":[{"name":"wp","href":"https:\/\/api.w.org\/{rel}","templated":true}]}}