{"id":133989,"date":"2024-11-25T10:19:36","date_gmt":"2024-11-25T13:19:36","guid":{"rendered":"https:\/\/onordeste.com.br\/?p=133948"},"modified":"2024-11-25T10:19:36","modified_gmt":"2024-11-25T13:19:36","slug":"assembleia-aprova-pl-que-institui-a-politica-de-atencao-a-saude-mental-materna","status":"publish","type":"post","link":"https:\/\/iparaiba.com.br\/index.php\/2024\/11\/25\/assembleia-aprova-pl-que-institui-a-politica-de-atencao-a-saude-mental-materna\/","title":{"rendered":"Assembleia aprova PL que institui a Pol\u00edtica de Aten\u00e7\u00e3o \u00e0 Sa\u00fade Mental Materna"},"content":{"rendered":"<p>A Assembleia Legislativa da Para\u00edba aprovou projeto de lei que cria a Pol\u00edtica de Aten\u00e7\u00e3o \u00e0 Sa\u00fade Mental Materna. O texto de autoria do deputado Luciano Cartaxo, apresentado defende a elabora\u00e7\u00e3o de protocolos cl\u00ednicos espec\u00edficos para aten\u00e7\u00e3o \u00e0 sa\u00fade mental de m\u00e3es paraibanas na rede p\u00fablica de servi\u00e7os de sa\u00fade do Estado.<\/p>\n<p>O deputado Luciano Cartaxo destaca que, no Brasil, conforme estudo da Funda\u00e7\u00e3o Oswaldo Cruz (Fiocruz), a depress\u00e3o p\u00f3s-parto ocorre em aproximadamente 25% das gesta\u00e7\u00f5es. O Projeto de Lei (PL) 1.979\/2024 determina ainda implementa\u00e7\u00e3o do pr\u00e9-natal psicol\u00f3gico e o p\u00f3s-natal psicol\u00f3gico no \u00e2mbito da Aten\u00e7\u00e3o Prim\u00e1ria \u00e0 Sa\u00fade e dos demais servi\u00e7os de refer\u00eancia sobre maternidade e aten\u00e7\u00e3o \u00e0s mulheres.<\/p>\n<p>A Pol\u00edtica de Aten\u00e7\u00e3o \u00e0 Sa\u00fade Mental Materna defende tamb\u00e9m a ado\u00e7\u00e3o de pr\u00e1ticas de triagem e monitoramento de depress\u00e3o, ansiedade e Burnout materno, al\u00e9m dos demais transtornos mentais, na rotina da assist\u00eancia. \u201cCabe ressaltar que a sa\u00fade mental materna tem implica\u00e7\u00f5es para toda a sociedade, uma vez que seu abalo tamb\u00e9m provoca danos ao desenvolvimento f\u00edsico, cognitivo e emocional das crian\u00e7as, desarticula os arranjos familiares e pode promover consequ\u00eancias de enorme gravidade\u201d, Justificou o parlamentar. Para Cartaxo, \u00e9 fundamental que o Poder P\u00fabico elabore pol\u00edticas que propiciem acesso \u00e0 devida assist\u00eancia \u00e0 sa\u00fade mental materna.<\/p>\n<p>A cria\u00e7\u00e3o da Carteira de Identifica\u00e7\u00e3o da Pessoa com Doen\u00e7a Rara tamb\u00e9m foi aprovada pelos parlamentares, nesta ter\u00e7a-feira. Proposta pelo deputado Chico Mendes, a iniciativa (Projeto de Lei 2044\/2024) tem como finalidade garantir que esse p\u00fablico possa agilizar o suporte necess\u00e1rio em diversas inst\u00e2ncias, como no acesso a servi\u00e7os de sa\u00fade, educa\u00e7\u00e3o e assist\u00eancia social. \u201cA carteira servir\u00e1 como um importante instrumento de pol\u00edticas p\u00fablicas, contribuindo para o mapeamento e a compreens\u00e3o mais precisa da preval\u00eancia de doen\u00e7as raras no estado. Isso possibilitar\u00e1 o desenvolvimento de estrat\u00e9gias mais efetivas para o atendimento e suporte a este grupo\u201d, complementou o autor, em seu texto da proposta.<\/p>\n","protected":false},"excerpt":{"rendered":"<p>A Assembleia Legislativa da Para\u00edba aprovou projeto de lei que cria a Pol\u00edtica de Aten\u00e7\u00e3o \u00e0 Sa\u00fade Mental Materna. O texto de autoria do deputado Luciano Cartaxo, apresentado defende a elabora\u00e7\u00e3o de protocolos cl\u00ednicos espec\u00edficos para aten\u00e7\u00e3o \u00e0 sa\u00fade mental de m\u00e3es paraibanas na rede p\u00fablica de servi\u00e7os de sa\u00fade do Estado. O deputado Luciano &hellip;<\/p>\n","protected":false},"author":1,"featured_media":97951,"comment_status":"open","ping_status":"open","sticky":false,"template":"","format":"standard","meta":{"footnotes":""},"categories":[8],"tags":[],"class_list":["post-133989","post","type-post","status-publish","format-standard","has-post-thumbnail","hentry","category-politica"],"_links":{"self":[{"href":"https:\/\/iparaiba.com.br\/index.php\/wp-json\/wp\/v2\/posts\/133989","targetHints":{"allow":["GET"]}}],"collection":[{"href":"https:\/\/iparaiba.com.br\/index.php\/wp-json\/wp\/v2\/posts"}],"about":[{"href":"https:\/\/iparaiba.com.br\/index.php\/wp-json\/wp\/v2\/types\/post"}],"author":[{"embeddable":true,"href":"https:\/\/iparaiba.com.br\/index.php\/wp-json\/wp\/v2\/users\/1"}],"replies":[{"embeddable":true,"href":"https:\/\/iparaiba.com.br\/index.php\/wp-json\/wp\/v2\/comments?post=133989"}],"version-history":[{"count":0,"href":"https:\/\/iparaiba.com.br\/index.php\/wp-json\/wp\/v2\/posts\/133989\/revisions"}],"wp:featuredmedia":[{"embeddable":true,"href":"https:\/\/iparaiba.com.br\/index.php\/wp-json\/wp\/v2\/media\/97951"}],"wp:attachment":[{"href":"https:\/\/iparaiba.com.br\/index.php\/wp-json\/wp\/v2\/media?parent=133989"}],"wp:term":[{"taxonomy":"category","embeddable":true,"href":"https:\/\/iparaiba.com.br\/index.php\/wp-json\/wp\/v2\/categories?post=133989"},{"taxonomy":"post_tag","embeddable":true,"href":"https:\/\/iparaiba.com.br\/index.php\/wp-json\/wp\/v2\/tags?post=133989"}],"curies":[{"name":"wp","href":"https:\/\/api.w.org\/{rel}","templated":true}]}}