{"id":133988,"date":"2024-11-25T10:17:58","date_gmt":"2024-11-25T13:17:58","guid":{"rendered":"https:\/\/onordeste.com.br\/?p=133946"},"modified":"2024-11-25T10:17:58","modified_gmt":"2024-11-25T13:17:58","slug":"sessao-conjunta-da-cmjp-e-alpb-debate-fim-da-jornada-de-trabalho","status":"publish","type":"post","link":"https:\/\/iparaiba.com.br\/index.php\/2024\/11\/25\/sessao-conjunta-da-cmjp-e-alpb-debate-fim-da-jornada-de-trabalho\/","title":{"rendered":"Sess\u00e3o conjunta da CMJP e ALPB debate fim da jornada de trabalho"},"content":{"rendered":"<p align=\"justify\">A C\u00e2mara Municipal de Jo\u00e3o Pessoa (CMJP), em conjunto com a Assembleia Legislativa da Para\u00edba (ALPB), realizou sess\u00e3o especial pra debater o fim da jornada de seis dias de trabalho para um dia de descanso (jornada 6&#215;1). A solenidade reuniu representantes de sindicatos ligados aos trabalhadores e foi proposta, na CMJP, pelo vereador Marcos Henriques (PT), e na ALPB, pela deputada estadual Cida Ramos (PT).<\/p>\n<p>O vereador falou sobre a import\u00e2ncia de debater o assunto com as duas Casas Legislativas. \u201cEsse debate est\u00e1 na ordem do dia e n\u00e3o \u00e9 um debate novo, \u00e9 antigo. A Central \u00danica dos Trabalhadores (CUT), por muitas vezes, tentou debater com o Congresso Nacional uma PEC para reduzir a jornada de trabalho. S\u00f3 que agora o mundo do trabalho mudou, as tecnologias mudaram e o trabalhador que tem uma carga hor\u00e1ria de 44 horas semanais est\u00e1 perdendo, sobretudo, a sua qualidade de vida e a capacidade de estar com a fam\u00edlia. Esse tipo de jornada, principalmente quando atribu\u00edda a uma mulher, que j\u00e1 possui uma tripla jornada, prejudica ainda mais a qualidade de vida. \u00c9 preciso fazer esse debate, n\u00e3o s\u00f3 com o trabalhador, mas com o patr\u00e3o e o governo. Essa comiss\u00e3o precisa existir para que n\u00f3s achemos uma equa\u00e7\u00e3o para reduzir a carga de trabalho, a escala e oferecer uma qualidade de vida melhor ao povo\u201d, afirmou.<\/p>\n<p>Marcos Henriques defendeu que a mudan\u00e7a de escala n\u00e3o vai prejudicar os patr\u00f5es. \u201cEstamos falando de 30 milh\u00f5es de trabalhadores, e existem muitas especificidades. H\u00e1 \u00e1reas que ir\u00e3o se beneficiar muito. Esse tipo de discuss\u00e3o precisa acontecer com todos os segmentos, oferendo jornadas de trabalho mais acess\u00edveis e produtivas para a classe trabalhadora\u201d, refor\u00e7ou.<\/p>\n<p>A outra autora da sess\u00e3o, deputada estadual Cida Ramos (PT), disse que \u00e9 fundamental levantar o debate. \u201cSer\u00e1 o Congresso que definir\u00e1 a redu\u00e7\u00e3o da jornada de trabalho, apoiado por vereadores e deputados estaduais. Portanto, o nosso papel \u00e9 o de fazer com que os parlamentares federais paraibanos votem na redu\u00e7\u00e3o da jornada de trabalho. Atualmente n\u00f3s temos quatro, e n\u00f3s queremos os 12 nessa luta\u201d, explicou.<\/p>\n<p>A deputada refor\u00e7ou que essa redu\u00e7\u00e3o vem acontecendo no mundo inteiro. \u201cEsses pa\u00edses j\u00e1 discutiram e implementaram a redu\u00e7\u00e3o da jornada de trabalho, que permite que o trabalhador tenha mais tempo para a fam\u00edlia. Algu\u00e9m que trabalha oito horas por dia, gasta quatro horas para ir e vir n\u00e3o tem conv\u00edvio com a fam\u00edlia. Trabalha de segunda a s\u00e1bado e s\u00f3 tem o domingo de folga. Ent\u00e3o, n\u00e3o vai a uma reuni\u00e3o da escola do filho, n\u00e3o o acompanha no m\u00e9dico. N\u00f3s queremos usar a tecnologia em favor da classe trabalhadora tamb\u00e9m, porque n\u00f3s temos uma classe trabalhadora adoecida, exausta e, do ponto de vista psicol\u00f3gico, mentalmente prejudicada. \u00c9 hora de rever uma jornada que \u00e9 do s\u00e9culo passado. As coisas avan\u00e7aram e precisam avan\u00e7ar para a classe trabalhadora tamb\u00e9m\u201d, defendeu.<\/p>\n<p>O vereador Renato Martins (Avante) pontuou que a luta pelo fim da jornada 6&#215;1 coloca, de novo, no debate da luta de classe aquilo que \u00e9 decisivo para mobilizar as pessoas, o fim do velho e famoso marketing pol\u00edtico, de quem vai administrar a crise do capitalismo. \u201cPara mais do que isso, o conjunto do capital, da renda, da produ\u00e7\u00e3o e do PIB \u00e9 que \u00e9 a grande batalha\u201d, colocou.<\/p>\n<p>Pedro Matias, secret\u00e1rio da juventude, defendeu que \u00e9 preciso discutir o tema da jornada 6&#215;1 por duas frentes. \u201cEscala discutida de forma desmembrada de jornada de trabalho. S\u00e3o duas coisas totalmente diferentes e \u00e0s vezes as pessoas confundem as especificidades de cada quest\u00e3o\u201d, lembrou.<\/p>\n<p>\u201cN\u00f3s temos uma pauta muito importante, e cabe a cada um de n\u00f3s organizar a luta de massa, porque s\u00f3 com a luta de milit\u00e2ncia n\u00f3s n\u00e3o vamos vencer essa batalha\u201d, ratificou Franklyn Barbosa, presidente do Sintab de Campina Grande.<\/p>\n<p>Participaram ainda da sess\u00e3o especial David Lob\u00e3o, coordenador geral do SINASEFE; T\u00falio Campos, presidente do PT de Jo\u00e3o Pessoa; Francisco Freitas, coordenador geral do Sintefe \u2013 PB; Rog\u00e9rio Braz \u2013 presidente do Sindicato dos Banc\u00e1rios e Comerci\u00e1rios; Jos\u00e9 Honorato, representante do Sindicato Hoteleiro; Lourdes Sarmento, representante do PCO, entre outros.<\/p>\n<p align=\"justify\">CMJP<\/p>\n<p align=\"justify\">\n<div><\/div>\n","protected":false},"excerpt":{"rendered":"<p>A C\u00e2mara Municipal de Jo\u00e3o Pessoa (CMJP), em conjunto com a Assembleia Legislativa da Para\u00edba (ALPB), realizou sess\u00e3o especial pra debater o fim da jornada de seis dias de trabalho para um dia de descanso (jornada 6&#215;1). A solenidade reuniu representantes de sindicatos ligados aos trabalhadores e foi proposta, na CMJP, pelo vereador Marcos Henriques &hellip;<\/p>\n","protected":false},"author":1,"featured_media":99582,"comment_status":"open","ping_status":"open","sticky":false,"template":"","format":"standard","meta":{"footnotes":""},"categories":[12],"tags":[],"class_list":["post-133988","post","type-post","status-publish","format-standard","has-post-thumbnail","hentry","category-emprego"],"_links":{"self":[{"href":"https:\/\/iparaiba.com.br\/index.php\/wp-json\/wp\/v2\/posts\/133988","targetHints":{"allow":["GET"]}}],"collection":[{"href":"https:\/\/iparaiba.com.br\/index.php\/wp-json\/wp\/v2\/posts"}],"about":[{"href":"https:\/\/iparaiba.com.br\/index.php\/wp-json\/wp\/v2\/types\/post"}],"author":[{"embeddable":true,"href":"https:\/\/iparaiba.com.br\/index.php\/wp-json\/wp\/v2\/users\/1"}],"replies":[{"embeddable":true,"href":"https:\/\/iparaiba.com.br\/index.php\/wp-json\/wp\/v2\/comments?post=133988"}],"version-history":[{"count":0,"href":"https:\/\/iparaiba.com.br\/index.php\/wp-json\/wp\/v2\/posts\/133988\/revisions"}],"wp:featuredmedia":[{"embeddable":true,"href":"https:\/\/iparaiba.com.br\/index.php\/wp-json\/wp\/v2\/media\/99582"}],"wp:attachment":[{"href":"https:\/\/iparaiba.com.br\/index.php\/wp-json\/wp\/v2\/media?parent=133988"}],"wp:term":[{"taxonomy":"category","embeddable":true,"href":"https:\/\/iparaiba.com.br\/index.php\/wp-json\/wp\/v2\/categories?post=133988"},{"taxonomy":"post_tag","embeddable":true,"href":"https:\/\/iparaiba.com.br\/index.php\/wp-json\/wp\/v2\/tags?post=133988"}],"curies":[{"name":"wp","href":"https:\/\/api.w.org\/{rel}","templated":true}]}}