{"id":133987,"date":"2024-11-25T10:16:15","date_gmt":"2024-11-25T13:16:15","guid":{"rendered":"https:\/\/onordeste.com.br\/?p=133944"},"modified":"2024-11-25T10:16:15","modified_gmt":"2024-11-25T13:16:15","slug":"prefeitura-comunica-fechamento-do-evaldo-cruz-para-finalizacao-de-decoracao","status":"publish","type":"post","link":"https:\/\/iparaiba.com.br\/index.php\/2024\/11\/25\/prefeitura-comunica-fechamento-do-evaldo-cruz-para-finalizacao-de-decoracao\/","title":{"rendered":"Prefeitura comunica fechamento do Evaldo Cruz para finaliza\u00e7\u00e3o de decora\u00e7\u00e3o"},"content":{"rendered":"<p style=\"font-weight: 400;\">O Parque Evaldo Cruz estar\u00e1 fechado nos pr\u00f3ximos dias 25, 26 e 27 de novembro, segunda, ter\u00e7a e quarta-feira da pr\u00f3xima semana. O motivo da pausa no funcionamento \u00e9 para que os t\u00e9cnicos respons\u00e1veis pela montagem da decora\u00e7\u00e3o do Natal Iluminado no equipamento possam acelerar e finalizar o processo.<\/p>\n<p style=\"font-weight: 400;\">A informa\u00e7\u00e3o foi confirmada pela Prefeitura Municipal de Campina Grande, atrav\u00e9s da Secretaria de Servi\u00e7os Urbanos e Meio Ambiente (Sesuma).<\/p>\n<p style=\"font-weight: 400;\">Vale dizer que, segundo o titular da pasta, secret\u00e1rio Sargento Neto, neste fim de semana o parque vai funcionar normalmente, no hor\u00e1rio das 06h da manh\u00e3 \u00e0s 22h.<\/p>\n<p style=\"font-weight: 400;\">\u00c9 importante destacar tamb\u00e9m que ainda na noite da quarta-feira, terceiro dia de fechamento, o Evaldo Cruz ser\u00e1 reaberto para a cerim\u00f4nia de abertura do Natal Iluminado 2024, prevista para as 18h.<\/p>\n","protected":false},"excerpt":{"rendered":"<p>O Parque Evaldo Cruz estar\u00e1 fechado nos pr\u00f3ximos dias 25, 26 e 27 de novembro, segunda, ter\u00e7a e quarta-feira da pr\u00f3xima semana. O motivo da pausa no funcionamento \u00e9 para que os t\u00e9cnicos respons\u00e1veis pela montagem da decora\u00e7\u00e3o do Natal Iluminado no equipamento possam acelerar e finalizar o processo. A informa\u00e7\u00e3o foi confirmada pela Prefeitura &hellip;<\/p>\n","protected":false},"author":1,"featured_media":106463,"comment_status":"open","ping_status":"open","sticky":false,"template":"","format":"standard","meta":{"footnotes":""},"categories":[15],"tags":[],"class_list":["post-133987","post","type-post","status-publish","format-standard","has-post-thumbnail","hentry","category-links"],"_links":{"self":[{"href":"https:\/\/iparaiba.com.br\/index.php\/wp-json\/wp\/v2\/posts\/133987","targetHints":{"allow":["GET"]}}],"collection":[{"href":"https:\/\/iparaiba.com.br\/index.php\/wp-json\/wp\/v2\/posts"}],"about":[{"href":"https:\/\/iparaiba.com.br\/index.php\/wp-json\/wp\/v2\/types\/post"}],"author":[{"embeddable":true,"href":"https:\/\/iparaiba.com.br\/index.php\/wp-json\/wp\/v2\/users\/1"}],"replies":[{"embeddable":true,"href":"https:\/\/iparaiba.com.br\/index.php\/wp-json\/wp\/v2\/comments?post=133987"}],"version-history":[{"count":0,"href":"https:\/\/iparaiba.com.br\/index.php\/wp-json\/wp\/v2\/posts\/133987\/revisions"}],"wp:featuredmedia":[{"embeddable":true,"href":"https:\/\/iparaiba.com.br\/index.php\/wp-json\/wp\/v2\/media\/106463"}],"wp:attachment":[{"href":"https:\/\/iparaiba.com.br\/index.php\/wp-json\/wp\/v2\/media?parent=133987"}],"wp:term":[{"taxonomy":"category","embeddable":true,"href":"https:\/\/iparaiba.com.br\/index.php\/wp-json\/wp\/v2\/categories?post=133987"},{"taxonomy":"post_tag","embeddable":true,"href":"https:\/\/iparaiba.com.br\/index.php\/wp-json\/wp\/v2\/tags?post=133987"}],"curies":[{"name":"wp","href":"https:\/\/api.w.org\/{rel}","templated":true}]}}