{"id":133984,"date":"2024-11-27T18:06:13","date_gmt":"2024-11-27T21:06:13","guid":{"rendered":"https:\/\/onordeste.com.br\/?p=133984"},"modified":"2024-11-27T18:06:13","modified_gmt":"2024-11-27T21:06:13","slug":"camara-aprova-30-das-vagas-em-concursos-federais-para-pretos-pardos-indigenas-e-quilombolas","status":"publish","type":"post","link":"https:\/\/iparaiba.com.br\/index.php\/2024\/11\/27\/camara-aprova-30-das-vagas-em-concursos-federais-para-pretos-pardos-indigenas-e-quilombolas\/","title":{"rendered":"C\u00e2mara aprova 30% das vagas em concursos federais para pretos, pardos, ind\u00edgenas e quilombolas"},"content":{"rendered":"<p>A C\u00e2mara dos Deputados aprovou o Projeto de Lei 1958\/21, do Senado, que reserva \u00e0s pessoas pretas e pardas, aos ind\u00edgenas e aos quilombolas 30% das vagas em concursos p\u00fablicos federais. Como o projeto foi alterado na C\u00e2mara, ele volta ao Senado.<\/p>\n<p>De autoria do senador Paulo Paim (PT-RS), o texto pretende substituir a Lei de Cotas no Servi\u00e7o P\u00fablico, que perdeu a vig\u00eancia em junho deste ano. A lei previa a reserva de 20% das vagas em concursos p\u00fablicos para negros.<\/p>\n<p>Conforme a proposta, a regra de cotas abranger\u00e1 processos seletivos simplificados e contrata\u00e7\u00e3o tempor\u00e1ria, e envolver\u00e1 a administra\u00e7\u00e3o p\u00fablica direta, autarquias, funda\u00e7\u00f5es, empresas e sociedades de economia mista controladas pela Uni\u00e3o.<\/p>\n<p>A relatora, deputada Carol Dartora (PT-PR), afirmou que o projeto \u00e9 crucial na luta por justi\u00e7a e igualdade. &#8220;Isso n\u00e3o \u00e9 apenas uma repara\u00e7\u00e3o hist\u00f3rica. \u00c9 uma estrat\u00e9gia concreta para combater o racismo institucional e garantir acesso justo \u00e0s oportunidades no servi\u00e7o p\u00fablico&#8221;, disse.<\/p>\n<p>A aprova\u00e7\u00e3o da proposta, para Dartora, \u00e9 um reconhecimento de que o servi\u00e7o p\u00fablico precisa refletir a diversidade do povo brasileiro e &#8220;garantir que espa\u00e7os de poder e decis\u00e3o sejam ocupados por aqueles historicamente exclu\u00eddos&#8221;.<\/p>\n<p>Dartora acatou duas altera\u00e7\u00f5es ao texto para garantir a aprova\u00e7\u00e3o. A primeira foi a redu\u00e7\u00e3o de 10 para 5 anos no tempo de revis\u00e3o da pol\u00edtica. A outra foi a retirada da previs\u00e3o de procedimentos de confirma\u00e7\u00e3o complementar \u00e0 autodeclara\u00e7\u00e3o com participa\u00e7\u00e3o de especialistas.<\/p>\n<p><strong>C\u00e1lculo<\/strong><br \/>\nA reserva de 30% valer\u00e1 sempre que forem ofertadas duas ou mais vagas e ser\u00e1 aplicada se, eventualmente, surgirem outras durante a validade do concurso.<\/p>\n<p>Quando o c\u00e1lculo resultar em n\u00fameros fracion\u00e1rios, haver\u00e1 arredondamento. A reserva tamb\u00e9m dever\u00e1 ser aplicada \u00e0s vagas que, eventualmente, surgirem depois, durante a validade do concurso.<\/p>\n<p>Fonte: Ag\u00eancia C\u00e2mara de Not\u00edcias<\/p>\n","protected":false},"excerpt":{"rendered":"<p>A C\u00e2mara dos Deputados aprovou o Projeto de Lei 1958\/21, do Senado, que reserva \u00e0s pessoas pretas e pardas, aos ind\u00edgenas e aos quilombolas 30% das vagas em concursos p\u00fablicos federais. Como o projeto foi alterado na C\u00e2mara, ele volta ao Senado. De autoria do senador Paulo Paim (PT-RS), o texto pretende substituir a Lei &hellip;<\/p>\n","protected":false},"author":1,"featured_media":115285,"comment_status":"open","ping_status":"open","sticky":false,"template":"","format":"standard","meta":{"footnotes":""},"categories":[11],"tags":[],"class_list":["post-133984","post","type-post","status-publish","format-standard","has-post-thumbnail","hentry","category-educacao"],"_links":{"self":[{"href":"https:\/\/iparaiba.com.br\/index.php\/wp-json\/wp\/v2\/posts\/133984","targetHints":{"allow":["GET"]}}],"collection":[{"href":"https:\/\/iparaiba.com.br\/index.php\/wp-json\/wp\/v2\/posts"}],"about":[{"href":"https:\/\/iparaiba.com.br\/index.php\/wp-json\/wp\/v2\/types\/post"}],"author":[{"embeddable":true,"href":"https:\/\/iparaiba.com.br\/index.php\/wp-json\/wp\/v2\/users\/1"}],"replies":[{"embeddable":true,"href":"https:\/\/iparaiba.com.br\/index.php\/wp-json\/wp\/v2\/comments?post=133984"}],"version-history":[{"count":1,"href":"https:\/\/iparaiba.com.br\/index.php\/wp-json\/wp\/v2\/posts\/133984\/revisions"}],"predecessor-version":[{"id":134006,"href":"https:\/\/iparaiba.com.br\/index.php\/wp-json\/wp\/v2\/posts\/133984\/revisions\/134006"}],"wp:featuredmedia":[{"embeddable":true,"href":"https:\/\/iparaiba.com.br\/index.php\/wp-json\/wp\/v2\/media\/115285"}],"wp:attachment":[{"href":"https:\/\/iparaiba.com.br\/index.php\/wp-json\/wp\/v2\/media?parent=133984"}],"wp:term":[{"taxonomy":"category","embeddable":true,"href":"https:\/\/iparaiba.com.br\/index.php\/wp-json\/wp\/v2\/categories?post=133984"},{"taxonomy":"post_tag","embeddable":true,"href":"https:\/\/iparaiba.com.br\/index.php\/wp-json\/wp\/v2\/tags?post=133984"}],"curies":[{"name":"wp","href":"https:\/\/api.w.org\/{rel}","templated":true}]}}