{"id":133982,"date":"2024-11-27T16:04:42","date_gmt":"2024-11-27T19:04:42","guid":{"rendered":"https:\/\/onordeste.com.br\/?p=133982"},"modified":"2024-11-27T16:04:42","modified_gmt":"2024-11-27T19:04:42","slug":"comissao-aprova-isentar-hospitais-publicos-de-bandeira-tarifaria-de-energia","status":"publish","type":"post","link":"https:\/\/iparaiba.com.br\/index.php\/2024\/11\/27\/comissao-aprova-isentar-hospitais-publicos-de-bandeira-tarifaria-de-energia\/","title":{"rendered":"Comiss\u00e3o aprova isentar hospitais p\u00fablicos de bandeira tarif\u00e1ria de energia"},"content":{"rendered":"<p>A Comiss\u00e3o de Minas e Energia da C\u00e2mara dos Deputados aprovou proposta que isenta a rede p\u00fablica de sa\u00fade do sistema de bandeiras tarif\u00e1rias de energia el\u00e9trica.<\/p>\n<p>O objetivo \u00e9 evitar que os estabelecimentos do Sistema \u00danico de Sa\u00fade (SUS) sejam onerados com aumentos de tarifas em circunst\u00e2ncias de escassez de energia el\u00e9trica, a exemplo da causada por crises h\u00eddricas.<\/p>\n<p>A medida est\u00e1 prevista no <a class=\"linkProposicao\" href=\"https:\/\/www.camara.leg.br\/noticias\/531007-projeto-isenta-estabelecimentos-publicos-de-saude-de-sistema-de-bandeiras-tarifarias-de-energia\">Projeto de Lei 8524\/17<\/a>, do deputado Aureo Ribeiro (Solidariedade-RJ).<\/p>\n<p>O relator, deputado Hugo Leal (PSD-RJ), defendeu a aprova\u00e7\u00e3o do texto. Ele afirmou que a proposta permite que os recursos p\u00fablicos alocados \u00e0 sa\u00fade possam ser direcionados \u00e0 atividade-fim , com maiores benef\u00edcios \u00e0 popula\u00e7\u00e3o.<\/p>\n<p>Ag\u00eancia C\u00e2mara de Not\u00edcias<\/p>\n","protected":false},"excerpt":{"rendered":"<p>A Comiss\u00e3o de Minas e Energia da C\u00e2mara dos Deputados aprovou proposta que isenta a rede p\u00fablica de sa\u00fade do sistema de bandeiras tarif\u00e1rias de energia el\u00e9trica. O objetivo \u00e9 evitar que os estabelecimentos do Sistema \u00danico de Sa\u00fade (SUS) sejam onerados com aumentos de tarifas em circunst\u00e2ncias de escassez de energia el\u00e9trica, a exemplo &hellip;<\/p>\n","protected":false},"author":1,"featured_media":98246,"comment_status":"open","ping_status":"open","sticky":false,"template":"","format":"standard","meta":{"footnotes":""},"categories":[6],"tags":[],"class_list":["post-133982","post","type-post","status-publish","format-standard","has-post-thumbnail","hentry","category-destaques"],"_links":{"self":[{"href":"https:\/\/iparaiba.com.br\/index.php\/wp-json\/wp\/v2\/posts\/133982","targetHints":{"allow":["GET"]}}],"collection":[{"href":"https:\/\/iparaiba.com.br\/index.php\/wp-json\/wp\/v2\/posts"}],"about":[{"href":"https:\/\/iparaiba.com.br\/index.php\/wp-json\/wp\/v2\/types\/post"}],"author":[{"embeddable":true,"href":"https:\/\/iparaiba.com.br\/index.php\/wp-json\/wp\/v2\/users\/1"}],"replies":[{"embeddable":true,"href":"https:\/\/iparaiba.com.br\/index.php\/wp-json\/wp\/v2\/comments?post=133982"}],"version-history":[{"count":1,"href":"https:\/\/iparaiba.com.br\/index.php\/wp-json\/wp\/v2\/posts\/133982\/revisions"}],"predecessor-version":[{"id":134005,"href":"https:\/\/iparaiba.com.br\/index.php\/wp-json\/wp\/v2\/posts\/133982\/revisions\/134005"}],"wp:featuredmedia":[{"embeddable":true,"href":"https:\/\/iparaiba.com.br\/index.php\/wp-json\/wp\/v2\/media\/98246"}],"wp:attachment":[{"href":"https:\/\/iparaiba.com.br\/index.php\/wp-json\/wp\/v2\/media?parent=133982"}],"wp:term":[{"taxonomy":"category","embeddable":true,"href":"https:\/\/iparaiba.com.br\/index.php\/wp-json\/wp\/v2\/categories?post=133982"},{"taxonomy":"post_tag","embeddable":true,"href":"https:\/\/iparaiba.com.br\/index.php\/wp-json\/wp\/v2\/tags?post=133982"}],"curies":[{"name":"wp","href":"https:\/\/api.w.org\/{rel}","templated":true}]}}