{"id":133980,"date":"2024-11-27T14:03:23","date_gmt":"2024-11-27T17:03:23","guid":{"rendered":"https:\/\/onordeste.com.br\/?p=133980"},"modified":"2024-11-27T14:03:23","modified_gmt":"2024-11-27T17:03:23","slug":"avanca-projeto-que-revoga-integralmente-lei-da-alienacao-parental","status":"publish","type":"post","link":"https:\/\/iparaiba.com.br\/index.php\/2024\/11\/27\/avanca-projeto-que-revoga-integralmente-lei-da-alienacao-parental\/","title":{"rendered":"Avan\u00e7a projeto que revoga integralmente Lei da Aliena\u00e7\u00e3o Parental"},"content":{"rendered":"<p>A Comiss\u00e3o de Previd\u00eancia, Assist\u00eancia Social, Inf\u00e2ncia, Adolesc\u00eancia e Fam\u00edlia da C\u00e2mara dos Deputados aprovou projeto que revoga integralmente a<a href=\"https:\/\/www2.camara.gov.br\/legin\/fed\/lei\/2010\/lei-12318-26-agosto-2010-608120-norma-pl.html\"> Lei da Aliena\u00e7\u00e3o Parental<\/a>.<\/p>\n<p>A aliena\u00e7\u00e3o parental \u00e9 a interfer\u00eancia na forma\u00e7\u00e3o psicol\u00f3gica da crian\u00e7a ou do adolescente promovida ou induzida por um dos genitores, pelos av\u00f3s ou respons\u00e1veis por sua vigil\u00e2ncia para que repudie genitor ou que cause preju\u00edzo ao v\u00ednculo com ele.<\/p>\n<p>O texto aprovado \u00e9 o <span id=\"4098\" class=\"termoGlossario\" title=\"\" contenteditable=\"false\" data-toggle=\"tooltip\" data-placement=\"top\" data-original-title=\"Nome que se d\u00e1 ao texto que altera substancialmente o conte\u00fado original da proposta. O substitutivo \u00e9 apresentado pelo relator e tem prefer\u00eancia na vota\u00e7\u00e3o sobre o projeto original.\">substitutivo<\/span> do relator, deputado Pastor Eurico (PL-PE), ao <a class=\"linkProposicao\" href=\"https:\/\/www.camara.leg.br\/noticias\/935610-projeto-quer-revogar-lei-da-alienacao-parental\">Projeto de Lei 2812\/22<\/a>, das deputadas do Psol Fernanda Melchionna (RS), S\u00e2mia Bomfim (SP) e Vivi Reis (PA).<\/p>\n<p>Segundo as autoras, a revoga\u00e7\u00e3o da Lei da Aliena\u00e7\u00e3o Parental j\u00e1 foi recomendada pelo Conselho Nacional de Direitos Humanos, pelo Conselho Nacional de Sa\u00fade e pela Organiza\u00e7\u00e3o das Na\u00e7\u00f5es Unidas.<\/p>\n<p><b>Sem efeitos esperados<br \/>\n<\/b>O deputado Pastor Eurico destaca que agressores t\u00eam usado a hip\u00f3tese de aliena\u00e7\u00e3o parental para se defender de acusa\u00e7\u00f5es de viol\u00eancia e abuso contra mulheres, crian\u00e7as e adolescentes, que acabam desacreditados e acusados por den\u00fancias falsas.<\/p>\n<p>O relator afirma que, depois de 13 anos de vig\u00eancia, a lei n\u00e3o gerou os efeitos esperados, que seriam a redu\u00e7\u00e3o de atos abusivos de genitores no processo de separa\u00e7\u00e3o e disputa por cust\u00f3dia.<\/p>\n<p>\u201cPelo contr\u00e1rio, o seu emprego tem sido utilizado de modo a gerar problemas ainda mais graves que aqueles que pretendia minimizar, uma vez que a acusa\u00e7\u00e3o de aliena\u00e7\u00e3o parental tornou-se a principal estrat\u00e9gia de defesa de agressores e abusadores sexuais intrafamiliares\u201d, alerta Pastor Eurico.<\/p>\n<p>Fonte: Ag\u00eancia C\u00e2mara de Not\u00edcias<\/p>\n","protected":false},"excerpt":{"rendered":"<p>A Comiss\u00e3o de Previd\u00eancia, Assist\u00eancia Social, Inf\u00e2ncia, Adolesc\u00eancia e Fam\u00edlia da C\u00e2mara dos Deputados aprovou projeto que revoga integralmente a Lei da Aliena\u00e7\u00e3o Parental. A aliena\u00e7\u00e3o parental \u00e9 a interfer\u00eancia na forma\u00e7\u00e3o psicol\u00f3gica da crian\u00e7a ou do adolescente promovida ou induzida por um dos genitores, pelos av\u00f3s ou respons\u00e1veis por sua vigil\u00e2ncia para que repudie &hellip;<\/p>\n","protected":false},"author":1,"featured_media":123149,"comment_status":"open","ping_status":"open","sticky":false,"template":"","format":"standard","meta":{"footnotes":""},"categories":[8],"tags":[],"class_list":["post-133980","post","type-post","status-publish","format-standard","has-post-thumbnail","hentry","category-politica"],"_links":{"self":[{"href":"https:\/\/iparaiba.com.br\/index.php\/wp-json\/wp\/v2\/posts\/133980","targetHints":{"allow":["GET"]}}],"collection":[{"href":"https:\/\/iparaiba.com.br\/index.php\/wp-json\/wp\/v2\/posts"}],"about":[{"href":"https:\/\/iparaiba.com.br\/index.php\/wp-json\/wp\/v2\/types\/post"}],"author":[{"embeddable":true,"href":"https:\/\/iparaiba.com.br\/index.php\/wp-json\/wp\/v2\/users\/1"}],"replies":[{"embeddable":true,"href":"https:\/\/iparaiba.com.br\/index.php\/wp-json\/wp\/v2\/comments?post=133980"}],"version-history":[{"count":1,"href":"https:\/\/iparaiba.com.br\/index.php\/wp-json\/wp\/v2\/posts\/133980\/revisions"}],"predecessor-version":[{"id":134004,"href":"https:\/\/iparaiba.com.br\/index.php\/wp-json\/wp\/v2\/posts\/133980\/revisions\/134004"}],"wp:featuredmedia":[{"embeddable":true,"href":"https:\/\/iparaiba.com.br\/index.php\/wp-json\/wp\/v2\/media\/123149"}],"wp:attachment":[{"href":"https:\/\/iparaiba.com.br\/index.php\/wp-json\/wp\/v2\/media?parent=133980"}],"wp:term":[{"taxonomy":"category","embeddable":true,"href":"https:\/\/iparaiba.com.br\/index.php\/wp-json\/wp\/v2\/categories?post=133980"},{"taxonomy":"post_tag","embeddable":true,"href":"https:\/\/iparaiba.com.br\/index.php\/wp-json\/wp\/v2\/tags?post=133980"}],"curies":[{"name":"wp","href":"https:\/\/api.w.org\/{rel}","templated":true}]}}