{"id":133978,"date":"2024-11-27T12:00:41","date_gmt":"2024-11-27T15:00:41","guid":{"rendered":"https:\/\/onordeste.com.br\/?p=133978"},"modified":"2024-11-27T12:00:41","modified_gmt":"2024-11-27T15:00:41","slug":"comissao-aprova-projeto-que-prioriza-familias-com-criancas-na-assistencia-para-construir-moradia-fonte-agencia-camara-de-noticias","status":"publish","type":"post","link":"https:\/\/iparaiba.com.br\/index.php\/2024\/11\/27\/comissao-aprova-projeto-que-prioriza-familias-com-criancas-na-assistencia-para-construir-moradia-fonte-agencia-camara-de-noticias\/","title":{"rendered":"Comiss\u00e3o aprova projeto que prioriza fam\u00edlias com crian\u00e7as na assist\u00eancia para construir moradia  Fonte: Ag\u00eancia C\u00e2mara de Not\u00edcias"},"content":{"rendered":"<p>A Comiss\u00e3o de Previd\u00eancia, Assist\u00eancia Social, Inf\u00e2ncia, Adolesc\u00eancia e Fam\u00edlia da C\u00e2mara dos Deputados aprovou proposta que prioriza fam\u00edlias com crian\u00e7as menores de sete anos de idade na concess\u00e3o de assist\u00eancia t\u00e9cnica p\u00fablica e gratuita para a constru\u00e7\u00e3o de habita\u00e7\u00f5es de interesse social.<\/p>\n<p>Dentro desse grupo, o <a class=\"linkProposicao\" href=\"https:\/\/www.camara.leg.br\/noticias\/1098602-projeto-prioriza-familias-com-criancas-de-ate-7-anos-no-recebimento-de-assistencia-para-construcao-de-moradia\">Projeto de Lei 3531\/23<\/a>, da deputada Carol Dartora (PT-PR), d\u00e1 prefer\u00eancia para fam\u00edlias que possuam crian\u00e7as com defici\u00eancia.<\/p>\n<p>O texto altera a <a class=\"linkLegislacao\" href=\"https:\/\/www2.camara.gov.br\/legin\/fed\/lei\/2008\/lei-11888-24-dezembro-2008-585074-norma-pl.html\">Lei 11.888\/08<\/a>, segundo a qual as fam\u00edlias com renda mensal de at\u00e9 tr\u00eas sal\u00e1rios m\u00ednimos, residentes em \u00e1reas urbanas ou rurais, t\u00eam direito a assist\u00eancia t\u00e9cnica p\u00fablica e gratuita para elaborar o projeto e construir casas para sua pr\u00f3pria moradia.<\/p>\n<p>A relatora na comiss\u00e3o, deputada Laura Carneiro (PSD-RJ), recomendou a aprova\u00e7\u00e3o da mat\u00e9ria. Ela observou que crian\u00e7as que moram em casas muito pequenas, feitas de material inadequado, ou em situa\u00e7\u00e3o de rua t\u00eam seu desenvolvimento prejudicado, especialmente na primeira inf\u00e2ncia.<\/p>\n<p>Ag\u00eancia C\u00e2mara de Not\u00edcias<\/p>\n","protected":false},"excerpt":{"rendered":"<p>A Comiss\u00e3o de Previd\u00eancia, Assist\u00eancia Social, Inf\u00e2ncia, Adolesc\u00eancia e Fam\u00edlia da C\u00e2mara dos Deputados aprovou proposta que prioriza fam\u00edlias com crian\u00e7as menores de sete anos de idade na concess\u00e3o de assist\u00eancia t\u00e9cnica p\u00fablica e gratuita para a constru\u00e7\u00e3o de habita\u00e7\u00f5es de interesse social. Dentro desse grupo, o Projeto de Lei 3531\/23, da deputada Carol Dartora &hellip;<\/p>\n","protected":false},"author":1,"featured_media":123156,"comment_status":"open","ping_status":"open","sticky":false,"template":"","format":"standard","meta":{"footnotes":""},"categories":[8],"tags":[],"class_list":["post-133978","post","type-post","status-publish","format-standard","has-post-thumbnail","hentry","category-politica"],"_links":{"self":[{"href":"https:\/\/iparaiba.com.br\/index.php\/wp-json\/wp\/v2\/posts\/133978","targetHints":{"allow":["GET"]}}],"collection":[{"href":"https:\/\/iparaiba.com.br\/index.php\/wp-json\/wp\/v2\/posts"}],"about":[{"href":"https:\/\/iparaiba.com.br\/index.php\/wp-json\/wp\/v2\/types\/post"}],"author":[{"embeddable":true,"href":"https:\/\/iparaiba.com.br\/index.php\/wp-json\/wp\/v2\/users\/1"}],"replies":[{"embeddable":true,"href":"https:\/\/iparaiba.com.br\/index.php\/wp-json\/wp\/v2\/comments?post=133978"}],"version-history":[{"count":1,"href":"https:\/\/iparaiba.com.br\/index.php\/wp-json\/wp\/v2\/posts\/133978\/revisions"}],"predecessor-version":[{"id":134003,"href":"https:\/\/iparaiba.com.br\/index.php\/wp-json\/wp\/v2\/posts\/133978\/revisions\/134003"}],"wp:featuredmedia":[{"embeddable":true,"href":"https:\/\/iparaiba.com.br\/index.php\/wp-json\/wp\/v2\/media\/123156"}],"wp:attachment":[{"href":"https:\/\/iparaiba.com.br\/index.php\/wp-json\/wp\/v2\/media?parent=133978"}],"wp:term":[{"taxonomy":"category","embeddable":true,"href":"https:\/\/iparaiba.com.br\/index.php\/wp-json\/wp\/v2\/categories?post=133978"},{"taxonomy":"post_tag","embeddable":true,"href":"https:\/\/iparaiba.com.br\/index.php\/wp-json\/wp\/v2\/tags?post=133978"}],"curies":[{"name":"wp","href":"https:\/\/api.w.org\/{rel}","templated":true}]}}