{"id":133976,"date":"2024-11-27T10:00:51","date_gmt":"2024-11-27T13:00:51","guid":{"rendered":"https:\/\/onordeste.com.br\/?p=133976"},"modified":"2024-11-27T10:00:51","modified_gmt":"2024-11-27T13:00:51","slug":"stf-determina-teto-para-valores-de-servicos-funerarios","status":"publish","type":"post","link":"https:\/\/iparaiba.com.br\/index.php\/2024\/11\/27\/stf-determina-teto-para-valores-de-servicos-funerarios\/","title":{"rendered":"STF determina teto para valores de servi\u00e7os funer\u00e1rios"},"content":{"rendered":"<p>O ministro Fl\u00e1vio Dino determinou, neste domingo (24), que o Munic\u00edpio de S\u00e3o Paulo restabele\u00e7a a comercializa\u00e7\u00e3o e a cobran\u00e7a de servi\u00e7os funer\u00e1rios, cemiteriais e de crema\u00e7\u00e3o tendo como teto os valores praticados imediatamente antes da privatiza\u00e7\u00e3o, atualizados pelo IPCA (\u00cdndice Nacional de Pre\u00e7os ao Consumidor Amplo) at\u00e9 esta data.<\/p>\n<p>A decis\u00e3o se deu na Argui\u00e7\u00e3o de Descumprimento de Preceito Fundamental\u00a0<strong><a href=\"https:\/\/portal.stf.jus.br\/processos\/detalhe.asp?incidente=7100751\" target=\"_blank\" rel=\"noreferrer noopener\" data-type=\"URL\" data-id=\"https:\/\/portal.stf.jus.br\/processos\/detalhe.asp?incidente=7100751\">(ADPF) 1196<\/a><\/strong>. Na a\u00e7\u00e3o, a parte autora, o Partido Comunista do Brasil (PCdoB), questiona duas leis do Munic\u00edpio de S\u00e3o Paulo (SP) que concederam \u00e0 iniciativa privada a explora\u00e7\u00e3o de cemit\u00e9rios e cremat\u00f3rios p\u00fablicos e servi\u00e7os funer\u00e1rios. Para o partido, as normas contrariam a Lei Org\u00e2nica do Munic\u00edpio de S\u00e3o Paulo, que atribui ao munic\u00edpio o dever de administrar o servi\u00e7o funer\u00e1rio e os cemit\u00e9rios p\u00fablicos e fiscalizar os privados.<\/p>\n<p>Diante disso, o partido pede liminar para suspender a efic\u00e1cia de dispositivos das Leis municipais 17.180\/2019 e 16.703\/2017 e argumenta que a privatiza\u00e7\u00e3o desses servi\u00e7os tem levado \u00e0 \u201cexplora\u00e7\u00e3o comercial desenfreada\u201d.<\/p>\n<h5 class=\"wp-block-heading\"><strong>Medida cautelar<\/strong><\/h5>\n<p>Na decis\u00e3o, o ministro Fl\u00e1vio Dino aceitou em parte os pedidos feitos pelo autor. O magistrado transcreveu reportagens veiculadas na m\u00eddia, trazidas ao caso pela parte autora, em que s\u00e3o relatados abusos sofridos pela popula\u00e7\u00e3o paulistana que necessita desse tipo de servi\u00e7o.<\/p>\n<p>Ele afirmou que, apesar de a privatiza\u00e7\u00e3o dos servi\u00e7os funer\u00e1rios, cemiteriais e de crema\u00e7\u00e3o buscar a moderniza\u00e7\u00e3o da presta\u00e7\u00e3o p\u00fablica, \u201co caminho trilhado at\u00e9 agora possui fortes ind\u00edcios de gera\u00e7\u00e3o sist\u00eamica de graves viola\u00e7\u00f5es a diversos preceitos fundamentais, entre os quais, a dignidade da pessoa humana, a obrigatoriedade de manuten\u00e7\u00e3o de servi\u00e7o p\u00fablico adequado e plenamente acess\u00edvel \u00e0s fam\u00edlias\u201d.<\/p>\n<p>O ministro disse que, at\u00e9 este momento processual, visualiza que as pr\u00e1ticas mercantis adotadas pelas concession\u00e1rias em S\u00e3o Paulo atentam contra preceitos constitucionais, raz\u00e3o pela qual devem ser impedidas por meio da medida cautelar (decis\u00e3o provis\u00f3ria e urgente).<\/p>\n<p>Ao final, destacou que a an\u00e1lise da constitucionalidade da privatiza\u00e7\u00e3o do servi\u00e7o p\u00fablico ficar\u00e1 para o julgamento de m\u00e9rito pelo Plen\u00e1rio do Supremo.<\/p>\n","protected":false},"excerpt":{"rendered":"<p>O ministro Fl\u00e1vio Dino determinou, neste domingo (24), que o Munic\u00edpio de S\u00e3o Paulo restabele\u00e7a a comercializa\u00e7\u00e3o e a cobran\u00e7a de servi\u00e7os funer\u00e1rios, cemiteriais e de crema\u00e7\u00e3o tendo como teto os valores praticados imediatamente antes da privatiza\u00e7\u00e3o, atualizados pelo IPCA (\u00cdndice Nacional de Pre\u00e7os ao Consumidor Amplo) at\u00e9 esta data. A decis\u00e3o se deu na &hellip;<\/p>\n","protected":false},"author":1,"featured_media":107988,"comment_status":"open","ping_status":"open","sticky":false,"template":"","format":"standard","meta":{"footnotes":""},"categories":[9],"tags":[],"class_list":["post-133976","post","type-post","status-publish","format-standard","has-post-thumbnail","hentry","category-justica"],"_links":{"self":[{"href":"https:\/\/iparaiba.com.br\/index.php\/wp-json\/wp\/v2\/posts\/133976","targetHints":{"allow":["GET"]}}],"collection":[{"href":"https:\/\/iparaiba.com.br\/index.php\/wp-json\/wp\/v2\/posts"}],"about":[{"href":"https:\/\/iparaiba.com.br\/index.php\/wp-json\/wp\/v2\/types\/post"}],"author":[{"embeddable":true,"href":"https:\/\/iparaiba.com.br\/index.php\/wp-json\/wp\/v2\/users\/1"}],"replies":[{"embeddable":true,"href":"https:\/\/iparaiba.com.br\/index.php\/wp-json\/wp\/v2\/comments?post=133976"}],"version-history":[{"count":1,"href":"https:\/\/iparaiba.com.br\/index.php\/wp-json\/wp\/v2\/posts\/133976\/revisions"}],"predecessor-version":[{"id":134002,"href":"https:\/\/iparaiba.com.br\/index.php\/wp-json\/wp\/v2\/posts\/133976\/revisions\/134002"}],"wp:featuredmedia":[{"embeddable":true,"href":"https:\/\/iparaiba.com.br\/index.php\/wp-json\/wp\/v2\/media\/107988"}],"wp:attachment":[{"href":"https:\/\/iparaiba.com.br\/index.php\/wp-json\/wp\/v2\/media?parent=133976"}],"wp:term":[{"taxonomy":"category","embeddable":true,"href":"https:\/\/iparaiba.com.br\/index.php\/wp-json\/wp\/v2\/categories?post=133976"},{"taxonomy":"post_tag","embeddable":true,"href":"https:\/\/iparaiba.com.br\/index.php\/wp-json\/wp\/v2\/tags?post=133976"}],"curies":[{"name":"wp","href":"https:\/\/api.w.org\/{rel}","templated":true}]}}