{"id":133972,"date":"2024-11-27T06:00:19","date_gmt":"2024-11-27T09:00:19","guid":{"rendered":"https:\/\/onordeste.com.br\/?p=133972"},"modified":"2024-11-27T06:00:19","modified_gmt":"2024-11-27T09:00:19","slug":"pf-conclui-investigacao-que-apurou-golpe-de-estado","status":"publish","type":"post","link":"https:\/\/iparaiba.com.br\/index.php\/2024\/11\/27\/pf-conclui-investigacao-que-apurou-golpe-de-estado\/","title":{"rendered":"PF conclui investiga\u00e7\u00e3o que apurou golpe de Estado"},"content":{"rendered":"<p><strong>Bras\u00edlia\/DF.<\/strong> A Pol\u00edcia Federal encerrou investiga\u00e7\u00e3o que apurou a exist\u00eancia de uma organiza\u00e7\u00e3o criminosa que atuou de forma coordenada, em 2022, na tentativa de manuten\u00e7\u00e3o do ent\u00e3o presidente da Rep\u00fablica no poder.<\/p>\n<p>O relat\u00f3rio final foi encaminhado ao Supremo Tribunal Federal com o indiciamento de 37 pessoas pelos crimes de aboli\u00e7\u00e3o violenta do Estado Democr\u00e1tico de Direito, golpe de Estado e organiza\u00e7\u00e3o criminosa.<\/p>\n<p>As provas foram obtidas por meio de diversas dilig\u00eancias policiais realizadas ao longo de quase dois anos, com base em quebra de sigilos telem\u00e1tico, telef\u00f4nico, banc\u00e1rio, fiscal, colabora\u00e7\u00e3o premiada, buscas e apreens\u00f5es, entre outras medidas devidamente autorizadas pelo poder Judici\u00e1rio.<\/p>\n<p>As investiga\u00e7\u00f5es apontaram que os investigados se estruturaram por meio de divis\u00e3o de tarefas, o que permitiu a individualiza\u00e7\u00e3o das condutas e a constata\u00e7\u00e3o da exist\u00eancia dos seguintes grupos:<\/p>\n<p>a) N\u00facleo de Desinforma\u00e7\u00e3o e Ataques ao Sistema Eleitoral;<br \/>\nb) N\u00facleo Respons\u00e1vel por Incitar Militares \u00e0 Aderirem ao Golpe de Estado;<br \/>\nc) N\u00facleo Jur\u00eddico;<br \/>\nd) N\u00facleo Operacional de Apoio \u00e0s A\u00e7\u00f5es Golpistas;<br \/>\ne) N\u00facleo de Intelig\u00eancia Paralela;<br \/>\nf) N\u00facleo Operacional para Cumprimento de Medidas Coercitivas<\/p>\n<p>Com a entrega do relat\u00f3rio, a Pol\u00edcia Federal encerra as investiga\u00e7\u00f5es referentes \u00e0s tentativas de golpe de Estado e aboli\u00e7\u00e3o violenta do Estado Democr\u00e1tico de Direito.<\/p>\n<p><strong>Coordena\u00e7\u00e3o-Geral de Comunica\u00e7\u00e3o Social da Pol\u00edcia Federal<\/strong><\/p>\n","protected":false},"excerpt":{"rendered":"<p>Bras\u00edlia\/DF. A Pol\u00edcia Federal encerrou investiga\u00e7\u00e3o que apurou a exist\u00eancia de uma organiza\u00e7\u00e3o criminosa que atuou de forma coordenada, em 2022, na tentativa de manuten\u00e7\u00e3o do ent\u00e3o presidente da Rep\u00fablica no poder. O relat\u00f3rio final foi encaminhado ao Supremo Tribunal Federal com o indiciamento de 37 pessoas pelos crimes de aboli\u00e7\u00e3o violenta do Estado Democr\u00e1tico &hellip;<\/p>\n","protected":false},"author":1,"featured_media":123229,"comment_status":"open","ping_status":"open","sticky":false,"template":"","format":"standard","meta":{"footnotes":""},"categories":[13],"tags":[],"class_list":["post-133972","post","type-post","status-publish","format-standard","has-post-thumbnail","hentry","category-policial"],"_links":{"self":[{"href":"https:\/\/iparaiba.com.br\/index.php\/wp-json\/wp\/v2\/posts\/133972","targetHints":{"allow":["GET"]}}],"collection":[{"href":"https:\/\/iparaiba.com.br\/index.php\/wp-json\/wp\/v2\/posts"}],"about":[{"href":"https:\/\/iparaiba.com.br\/index.php\/wp-json\/wp\/v2\/types\/post"}],"author":[{"embeddable":true,"href":"https:\/\/iparaiba.com.br\/index.php\/wp-json\/wp\/v2\/users\/1"}],"replies":[{"embeddable":true,"href":"https:\/\/iparaiba.com.br\/index.php\/wp-json\/wp\/v2\/comments?post=133972"}],"version-history":[{"count":1,"href":"https:\/\/iparaiba.com.br\/index.php\/wp-json\/wp\/v2\/posts\/133972\/revisions"}],"predecessor-version":[{"id":134000,"href":"https:\/\/iparaiba.com.br\/index.php\/wp-json\/wp\/v2\/posts\/133972\/revisions\/134000"}],"wp:featuredmedia":[{"embeddable":true,"href":"https:\/\/iparaiba.com.br\/index.php\/wp-json\/wp\/v2\/media\/123229"}],"wp:attachment":[{"href":"https:\/\/iparaiba.com.br\/index.php\/wp-json\/wp\/v2\/media?parent=133972"}],"wp:term":[{"taxonomy":"category","embeddable":true,"href":"https:\/\/iparaiba.com.br\/index.php\/wp-json\/wp\/v2\/categories?post=133972"},{"taxonomy":"post_tag","embeddable":true,"href":"https:\/\/iparaiba.com.br\/index.php\/wp-json\/wp\/v2\/tags?post=133972"}],"curies":[{"name":"wp","href":"https:\/\/api.w.org\/{rel}","templated":true}]}}