{"id":133965,"date":"2024-11-26T08:00:29","date_gmt":"2024-11-26T11:00:29","guid":{"rendered":"https:\/\/onordeste.com.br\/?p=133961"},"modified":"2024-11-26T08:00:29","modified_gmt":"2024-11-26T11:00:29","slug":"funasa-saude-realiza-encontro-para-comemorar-30-anos-de-fundacao","status":"publish","type":"post","link":"https:\/\/iparaiba.com.br\/index.php\/2024\/11\/26\/funasa-saude-realiza-encontro-para-comemorar-30-anos-de-fundacao\/","title":{"rendered":"Funasa Sa\u00fade realiza encontro para comemorar 30 anos de funda\u00e7\u00e3o"},"content":{"rendered":"<p>A Funasa Sa\u00fade promoveu um encontro para comemorar os seus 30 anos de funda\u00e7\u00e3o. O evento aconteceu na Ch\u00e1cara Porta da Fonte, no munic\u00edpio do Conde, no final da tarde da \u00faltima quarta-feira, dia 20, quando foram homenageados membros da Diretoria Executiva, dos Conselhos Administrativo e Financeiro, associados, prestadores de servi\u00e7o e parceiros.<\/p>\n<p>A diretora-presidente da Funasa Sa\u00fade, Danielita Pinto, ressaltou que comemorar 30 anos de hist\u00f3ria \u00e9 um momento de celebrar a vida. \u201cN\u00f3s da Funasa Sa\u00fade cuidamos de pessoas porque valorizamos a vida das pessoas, a qualidade de vida, o zelo pelas pessoas, para n\u00f3s \u00e9 o mais importante\u201d.<\/p>\n<p>O presidente do Conselho de Administra\u00e7\u00e3o da Funasa, Waldy Lima Vidal, apontou que o olhar para o futuro da Funasa Sa\u00fade \u00e9 mirar a miss\u00e3o de cuidar das pessoas: \u201cH\u00e1 uma vis\u00e3o muito clara de que devemos cuidar das pessoas, n\u00e3o se descuidar do zelo do cuidar dosnossos associados\u201d.<\/p>\n<p>Um dos fundadores da Funasa Sa\u00fade, Maur\u00edcio Montenegro, foi homenageado e lembrou o trabalho realizado pela associa\u00e7\u00e3o ao longo das tr\u00eas \u00faltimas d\u00e9cadas. \u201cEm primeiro lugar, \u00e9 um trabalho invej\u00e1vel de Danielita, que tem uma vis\u00e3o espetacular. E hoje est\u00e1 aqui a Funasa Sa\u00fade, um plano vitorioso, gra\u00e7as a ela e a ajuda dos demais companheiros\u201d, relatou. Durante o evento, tamb\u00e9m foi homenageada Mirele Pereira Dias, que foi o primeiro beb\u00ea nascido sob a cobertura da Funasa Sa\u00fade em 1994. Ela continua associada e que est\u00e1<br \/>\ngr\u00e1vida de g\u00eameos.<\/p>\n<p>Todos os homenageados durante o encontro receberam um trof\u00e9u, criado pelo artista pl\u00e1stico Marcos Pinto. A programa\u00e7\u00e3o do evento contou com a execu\u00e7\u00e3o do Hino Nacional e a leitura de um trecho b\u00edblico pelo pastor R\u00f4mulo Pinheiro.<\/p>\n<p>Hist\u00f3ria<\/p>\n<p>A Funasa Sa\u00fade, associa\u00e7\u00e3o genuinamente paraibana, sem finalidade lucrativa, opera planos de sa\u00fade e \u00e9 gerida pelos seus associados. Ela surgiu a partir de um acordo trabalhista firmado em 1991 entre a extinta Sociedade An\u00f4nima de Eletrifica\u00e7\u00e3o da Para\u00edba (Saelpa) e o Sindicato dos Eletricit\u00e1rios do Estado da Para\u00edba (Sindeletric).<\/p>\n<p>Jo\u00e3o Pessoa, 21 de novembro de 2024<\/p>\n<p>Av. Epit\u00e1cio Pessoa, 1250 \u2013 Ed. Concorde, Sala 408 \u2013 Torre \u2013 Jo\u00e3o Pessoa\/PB \u2013 CEP 58.040-000 Tel.: 3244-4220 &#8211; e-mail: diretoria@funasasaude.com.br, ouvidoria@funasasaude.com.br \u2013 site: www.funasasaude.com.br<\/p>\n<p>Em 1994, foi iniciada a presta\u00e7\u00e3o de assist\u00eancia m\u00e9dico-hospitalar, marcando a funda\u00e7\u00e3o da Funasa Sa\u00fade. Em 1998, a Ag\u00eancia Nacional de Sa\u00fade Suplementar (ANS) reconheceu a associa\u00e7\u00e3o como operadora de plano de sa\u00fade que tem atua\u00e7\u00e3o em toda a Para\u00edba. Todas as informa\u00e7\u00f5es sobre o processo de ades\u00e3o \u00e0 Funasa Sa\u00fade est\u00e3o dispon\u00edveis no perfil do Instagram da Funasa Sa\u00fade (@funasasaude).<\/p>\n","protected":false},"excerpt":{"rendered":"<p>A Funasa Sa\u00fade promoveu um encontro para comemorar os seus 30 anos de funda\u00e7\u00e3o. O evento aconteceu na Ch\u00e1cara Porta da Fonte, no munic\u00edpio do Conde, no final da tarde da \u00faltima quarta-feira, dia 20, quando foram homenageados membros da Diretoria Executiva, dos Conselhos Administrativo e Financeiro, associados, prestadores de servi\u00e7o e parceiros. A diretora-presidente &hellip;<\/p>\n","protected":false},"author":1,"featured_media":97479,"comment_status":"open","ping_status":"open","sticky":false,"template":"","format":"standard","meta":{"footnotes":""},"categories":[6],"tags":[],"class_list":["post-133965","post","type-post","status-publish","format-standard","has-post-thumbnail","hentry","category-destaques"],"_links":{"self":[{"href":"https:\/\/iparaiba.com.br\/index.php\/wp-json\/wp\/v2\/posts\/133965","targetHints":{"allow":["GET"]}}],"collection":[{"href":"https:\/\/iparaiba.com.br\/index.php\/wp-json\/wp\/v2\/posts"}],"about":[{"href":"https:\/\/iparaiba.com.br\/index.php\/wp-json\/wp\/v2\/types\/post"}],"author":[{"embeddable":true,"href":"https:\/\/iparaiba.com.br\/index.php\/wp-json\/wp\/v2\/users\/1"}],"replies":[{"embeddable":true,"href":"https:\/\/iparaiba.com.br\/index.php\/wp-json\/wp\/v2\/comments?post=133965"}],"version-history":[{"count":1,"href":"https:\/\/iparaiba.com.br\/index.php\/wp-json\/wp\/v2\/posts\/133965\/revisions"}],"predecessor-version":[{"id":133996,"href":"https:\/\/iparaiba.com.br\/index.php\/wp-json\/wp\/v2\/posts\/133965\/revisions\/133996"}],"wp:featuredmedia":[{"embeddable":true,"href":"https:\/\/iparaiba.com.br\/index.php\/wp-json\/wp\/v2\/media\/97479"}],"wp:attachment":[{"href":"https:\/\/iparaiba.com.br\/index.php\/wp-json\/wp\/v2\/media?parent=133965"}],"wp:term":[{"taxonomy":"category","embeddable":true,"href":"https:\/\/iparaiba.com.br\/index.php\/wp-json\/wp\/v2\/categories?post=133965"},{"taxonomy":"post_tag","embeddable":true,"href":"https:\/\/iparaiba.com.br\/index.php\/wp-json\/wp\/v2\/tags?post=133965"}],"curies":[{"name":"wp","href":"https:\/\/api.w.org\/{rel}","templated":true}]}}