{"id":133963,"date":"2024-11-25T18:27:57","date_gmt":"2024-11-25T21:27:57","guid":{"rendered":"https:\/\/onordeste.com.br\/?p=133957"},"modified":"2024-11-25T18:27:57","modified_gmt":"2024-11-25T21:27:57","slug":"instituto-federal-abre-230-vagas-para-eja","status":"publish","type":"post","link":"https:\/\/iparaiba.com.br\/index.php\/2024\/11\/25\/instituto-federal-abre-230-vagas-para-eja\/","title":{"rendered":"Instituto Federal abre 230 vagas para EJA"},"content":{"rendered":"<p>O Instituto Federal da Para\u00edba -IFPB abriu as inscri\u00e7\u00f5es do Processo Seletivo Programa Nacional de Integra\u00e7\u00e3o da Educa\u00e7\u00e3o Profissional ao Ensino M\u00e9dio na Modalidade de Educa\u00e7\u00e3o de Jovens e Adultos \u2013 PROEJA em Jo\u00e3o Pessoa, Sousa, Campina Grande, Cabedelo e Cajazeiras.<\/p>\n<p>S\u00e3o mais de 200 vagas em cursos para quem j\u00e1 tem o ensino fundamental (9\u00ba ano \u2013 antiga 8\u00aa s\u00e9rie).<\/p>\n<p>As inscri\u00e7\u00f5es acontecem de forma presencial at\u00e9 o dia 04 de dezembro. O Processo Seletivo ser\u00e1 realizado em uma \u00fanica etapa, que consistir\u00e1 na an\u00e1lise do Hist\u00f3rico Escolar. O candidato precisa ter idade m\u00ednima de 18 anos.<\/p>\n<p>Acesse todos os editais\u00a0<a href=\"https:\/\/estudante.ifpb.edu.br\/processoseletivo\/processo\/7\/\">Aqui<\/a>\u00a0.<\/p>\n<p>Para se inscrever \u00e9 exigida a seguinte documenta\u00e7\u00e3o : formul\u00e1rio de Inscri\u00e7\u00e3o devidamente preenchido e assinado dispon\u00edveis no campus e no edital; Question\u00e1rio socioecon\u00f4mico; Fotoc\u00f3pias (frente e verso) de Documento de Identifica\u00e7\u00e3o Oficial (com foto) e CPF e Fotoc\u00f3pia de Comprovante de Resid\u00eancia e Certificado de Conclus\u00e3o do Ensino Fundamental (antigo ginasial ou 1\u00ba grau).<\/p>\n","protected":false},"excerpt":{"rendered":"<p>O Instituto Federal da Para\u00edba -IFPB abriu as inscri\u00e7\u00f5es do Processo Seletivo Programa Nacional de Integra\u00e7\u00e3o da Educa\u00e7\u00e3o Profissional ao Ensino M\u00e9dio na Modalidade de Educa\u00e7\u00e3o de Jovens e Adultos \u2013 PROEJA em Jo\u00e3o Pessoa, Sousa, Campina Grande, Cabedelo e Cajazeiras. S\u00e3o mais de 200 vagas em cursos para quem j\u00e1 tem o ensino fundamental &hellip;<\/p>\n","protected":false},"author":1,"featured_media":98755,"comment_status":"open","ping_status":"open","sticky":false,"template":"","format":"standard","meta":{"footnotes":""},"categories":[11],"tags":[],"class_list":["post-133963","post","type-post","status-publish","format-standard","has-post-thumbnail","hentry","category-educacao"],"_links":{"self":[{"href":"https:\/\/iparaiba.com.br\/index.php\/wp-json\/wp\/v2\/posts\/133963","targetHints":{"allow":["GET"]}}],"collection":[{"href":"https:\/\/iparaiba.com.br\/index.php\/wp-json\/wp\/v2\/posts"}],"about":[{"href":"https:\/\/iparaiba.com.br\/index.php\/wp-json\/wp\/v2\/types\/post"}],"author":[{"embeddable":true,"href":"https:\/\/iparaiba.com.br\/index.php\/wp-json\/wp\/v2\/users\/1"}],"replies":[{"embeddable":true,"href":"https:\/\/iparaiba.com.br\/index.php\/wp-json\/wp\/v2\/comments?post=133963"}],"version-history":[{"count":1,"href":"https:\/\/iparaiba.com.br\/index.php\/wp-json\/wp\/v2\/posts\/133963\/revisions"}],"predecessor-version":[{"id":133994,"href":"https:\/\/iparaiba.com.br\/index.php\/wp-json\/wp\/v2\/posts\/133963\/revisions\/133994"}],"wp:featuredmedia":[{"embeddable":true,"href":"https:\/\/iparaiba.com.br\/index.php\/wp-json\/wp\/v2\/media\/98755"}],"wp:attachment":[{"href":"https:\/\/iparaiba.com.br\/index.php\/wp-json\/wp\/v2\/media?parent=133963"}],"wp:term":[{"taxonomy":"category","embeddable":true,"href":"https:\/\/iparaiba.com.br\/index.php\/wp-json\/wp\/v2\/categories?post=133963"},{"taxonomy":"post_tag","embeddable":true,"href":"https:\/\/iparaiba.com.br\/index.php\/wp-json\/wp\/v2\/tags?post=133963"}],"curies":[{"name":"wp","href":"https:\/\/api.w.org\/{rel}","templated":true}]}}