{"id":133961,"date":"2024-11-25T14:00:54","date_gmt":"2024-11-25T17:00:54","guid":{"rendered":"https:\/\/onordeste.com.br\/?p=133952"},"modified":"2024-11-25T14:00:54","modified_gmt":"2024-11-25T17:00:54","slug":"ccj-aprova-projeto-que-cria-programa-de-atendimento-geriatrico","status":"publish","type":"post","link":"https:\/\/iparaiba.com.br\/index.php\/2024\/11\/25\/ccj-aprova-projeto-que-cria-programa-de-atendimento-geriatrico\/","title":{"rendered":"CCJ aprova projeto que cria Programa de Atendimento Geri\u00e1trico"},"content":{"rendered":"<p>A Comiss\u00e3o de Constitui\u00e7\u00e3o, Justi\u00e7a e Reda\u00e7\u00e3o (CCJR) da Assembleia Legislativa da Para\u00edba (ALPB) aprovou a cria\u00e7\u00e3o do Programa de Atendimento Geri\u00e1trico da Para\u00edba. A vota\u00e7\u00e3o foi realizada durante a reuni\u00e3o da Comiss\u00e3o, na manh\u00e3 desta ter\u00e7a-feira (19) e que contou com a participa\u00e7\u00e3o dos deputados Jo\u00e3o Gon\u00e7alves e Jutay Meneses e da deputada Silvia Benjamin. A deputada Cida Ramos tamb\u00e9m acompanhou a reuni\u00e3o como ouvinte.<\/p>\n<p>De autoria da deputada Danielle do Vale, o Programa tem como finalidades garantir assist\u00eancia m\u00e9dica ambulatorial especializada na \u00e1rea geri\u00e1trica, promover a sa\u00fade da popula\u00e7\u00e3o idosa e oferecer tratamento e reabilita\u00e7\u00e3o, com foco na humaniza\u00e7\u00e3o do atendimento.<\/p>\n<p>Em sua justificativa, a deputada Danielle do Vale ressaltou que a popula\u00e7\u00e3o idosa enfrenta s\u00e9rias dificuldades de acesso aos servi\u00e7os de sa\u00fade da rede p\u00fablica, tanto em rela\u00e7\u00e3o \u00e0 assist\u00eancia m\u00e9dica ambulatorial quanto ao tratamento continuado e \u00e0 reabilita\u00e7\u00e3o. \u201cOcorre que, efetivamente, as pessoas idosas enfrentam muitas dificuldades de acesso aos hospitais da rede p\u00fablica do Estado, tanto aos servi\u00e7os de assist\u00eancia m\u00e9dica ambulatorial, quanto ao tratamento continuado de reabilita\u00e7\u00e3o de modo humanizado, evitando filas ou qualquer tipo de burocracia\u201d, afirmou a autora da proposta.<\/p>\n<p>O projeto prev\u00ea que a Secretaria Estadual de Sa\u00fade possa firmar conv\u00eanios com empresas privadas e entidades da sociedade civil para ampliar a cobertura do programa. Al\u00e9m disso, cada unidade de atendimento dever\u00e1 contar com um servi\u00e7o de marca\u00e7\u00e3o de consultas humanizado, especialmente criado para atender as necessidades da popula\u00e7\u00e3o idosa.<\/p>\n<p>Segundo a deputada, a proposta segue os princ\u00edpios da Lei Federal n\u00ba 8.842\/94, que estabelece a Pol\u00edtica Nacional do Idoso, voltada \u00e0 promo\u00e7\u00e3o da autonomia e integra\u00e7\u00e3o dos idosos na sociedade.<\/p>\n<p><strong>Outros projetos aprovados<\/strong><\/p>\n<p>Ainda com foco na prote\u00e7\u00e3o da pessoa idosa, os membros da CCJR tamb\u00e9m aprovaram o PL 1671\/2023, do deputado Galego Souza, que prop\u00f5e medidas preventivas e protetivas para evitar atos de viol\u00eancia patrimonial e financeira contra idosos. O projeto determina que servi\u00e7os notariais e de registro no Estado adotem medidas para coibir abusos, como antecipa\u00e7\u00e3o de heran\u00e7a, movimenta\u00e7\u00f5es indevidas de contas banc\u00e1rias, venda de im\u00f3veis e outras formas de explora\u00e7\u00e3o patrimonial. O texto tamb\u00e9m estabelece que institui\u00e7\u00f5es financeiras adotem medidas de seguran\u00e7a adicionais em transa\u00e7\u00f5es envolvendo idosos, como a solicita\u00e7\u00e3o de presen\u00e7a do titular em transa\u00e7\u00f5es de alto valor e a emiss\u00e3o de alertas autom\u00e1ticos.<\/p>\n","protected":false},"excerpt":{"rendered":"<p>A Comiss\u00e3o de Constitui\u00e7\u00e3o, Justi\u00e7a e Reda\u00e7\u00e3o (CCJR) da Assembleia Legislativa da Para\u00edba (ALPB) aprovou a cria\u00e7\u00e3o do Programa de Atendimento Geri\u00e1trico da Para\u00edba. A vota\u00e7\u00e3o foi realizada durante a reuni\u00e3o da Comiss\u00e3o, na manh\u00e3 desta ter\u00e7a-feira (19) e que contou com a participa\u00e7\u00e3o dos deputados Jo\u00e3o Gon\u00e7alves e Jutay Meneses e da deputada Silvia &hellip;<\/p>\n","protected":false},"author":1,"featured_media":133990,"comment_status":"open","ping_status":"open","sticky":false,"template":"","format":"standard","meta":{"footnotes":""},"categories":[2],"tags":[],"class_list":["post-133961","post","type-post","status-publish","format-standard","has-post-thumbnail","hentry","category-saude"],"_links":{"self":[{"href":"https:\/\/iparaiba.com.br\/index.php\/wp-json\/wp\/v2\/posts\/133961","targetHints":{"allow":["GET"]}}],"collection":[{"href":"https:\/\/iparaiba.com.br\/index.php\/wp-json\/wp\/v2\/posts"}],"about":[{"href":"https:\/\/iparaiba.com.br\/index.php\/wp-json\/wp\/v2\/types\/post"}],"author":[{"embeddable":true,"href":"https:\/\/iparaiba.com.br\/index.php\/wp-json\/wp\/v2\/users\/1"}],"replies":[{"embeddable":true,"href":"https:\/\/iparaiba.com.br\/index.php\/wp-json\/wp\/v2\/comments?post=133961"}],"version-history":[{"count":1,"href":"https:\/\/iparaiba.com.br\/index.php\/wp-json\/wp\/v2\/posts\/133961\/revisions"}],"predecessor-version":[{"id":133992,"href":"https:\/\/iparaiba.com.br\/index.php\/wp-json\/wp\/v2\/posts\/133961\/revisions\/133992"}],"wp:featuredmedia":[{"embeddable":true,"href":"https:\/\/iparaiba.com.br\/index.php\/wp-json\/wp\/v2\/media\/133990"}],"wp:attachment":[{"href":"https:\/\/iparaiba.com.br\/index.php\/wp-json\/wp\/v2\/media?parent=133961"}],"wp:term":[{"taxonomy":"category","embeddable":true,"href":"https:\/\/iparaiba.com.br\/index.php\/wp-json\/wp\/v2\/categories?post=133961"},{"taxonomy":"post_tag","embeddable":true,"href":"https:\/\/iparaiba.com.br\/index.php\/wp-json\/wp\/v2\/tags?post=133961"}],"curies":[{"name":"wp","href":"https:\/\/api.w.org\/{rel}","templated":true}]}}