{"id":133960,"date":"2024-11-25T12:19:39","date_gmt":"2024-11-25T15:19:39","guid":{"rendered":"https:\/\/onordeste.com.br\/?p=133950"},"modified":"2024-11-25T12:19:39","modified_gmt":"2024-11-25T15:19:39","slug":"deputados-aprovam-novas-eleicoes","status":"publish","type":"post","link":"https:\/\/iparaiba.com.br\/index.php\/2024\/11\/25\/deputados-aprovam-novas-eleicoes\/","title":{"rendered":"Deputados aprovam novas elei\u00e7\u00f5es"},"content":{"rendered":"<p>Os deputados aprovaram por unanimidade o Projeto de Resolu\u00e7\u00e3o 303\/2024 que alinha o Regimento Interno da Casa de Epit\u00e1cio Pessoa \u00e0s novas regras determinadas pelo Supremo Tribunal Federal (STF), no que diz respeito \u00e0 elei\u00e7\u00e3o da Mesa Diretora para o segundo bi\u00eanio.<\/p>\n<p>Com a aprova\u00e7\u00e3o da mat\u00e9ria, a elei\u00e7\u00e3o o segundo bi\u00eanio (2025\/2026) da atual legislatura acontecer\u00e1 no pr\u00f3ximo dia 26 de novembro (ter\u00e7a-feira). Com a altera\u00e7\u00e3o regimental, o prazo para inscri\u00e7\u00e3o de chapas no processo eleitoral da Casa foi oficialmente aberto nesta ter\u00e7a-feira (19).<\/p>\n<p>\u00c9 poss\u00edvel acompanhar todas as mat\u00e9rias apresentadas na ALPB, assim como, sess\u00f5es, visitas t\u00e9cnicas, reuni\u00f5es, solenidades e debates atrav\u00e9s da TV Assembleia, pelo canal 8.2, e tamb\u00e9m pelo canal TV Assembleia PB no Youtube.<\/p>\n","protected":false},"excerpt":{"rendered":"<p>Os deputados aprovaram por unanimidade o Projeto de Resolu\u00e7\u00e3o 303\/2024 que alinha o Regimento Interno da Casa de Epit\u00e1cio Pessoa \u00e0s novas regras determinadas pelo Supremo Tribunal Federal (STF), no que diz respeito \u00e0 elei\u00e7\u00e3o da Mesa Diretora para o segundo bi\u00eanio. Com a aprova\u00e7\u00e3o da mat\u00e9ria, a elei\u00e7\u00e3o o segundo bi\u00eanio (2025\/2026) da atual &hellip;<\/p>\n","protected":false},"author":1,"featured_media":115218,"comment_status":"open","ping_status":"open","sticky":false,"template":"","format":"standard","meta":{"footnotes":""},"categories":[8],"tags":[],"class_list":["post-133960","post","type-post","status-publish","format-standard","has-post-thumbnail","hentry","category-politica"],"_links":{"self":[{"href":"https:\/\/iparaiba.com.br\/index.php\/wp-json\/wp\/v2\/posts\/133960","targetHints":{"allow":["GET"]}}],"collection":[{"href":"https:\/\/iparaiba.com.br\/index.php\/wp-json\/wp\/v2\/posts"}],"about":[{"href":"https:\/\/iparaiba.com.br\/index.php\/wp-json\/wp\/v2\/types\/post"}],"author":[{"embeddable":true,"href":"https:\/\/iparaiba.com.br\/index.php\/wp-json\/wp\/v2\/users\/1"}],"replies":[{"embeddable":true,"href":"https:\/\/iparaiba.com.br\/index.php\/wp-json\/wp\/v2\/comments?post=133960"}],"version-history":[{"count":1,"href":"https:\/\/iparaiba.com.br\/index.php\/wp-json\/wp\/v2\/posts\/133960\/revisions"}],"predecessor-version":[{"id":133991,"href":"https:\/\/iparaiba.com.br\/index.php\/wp-json\/wp\/v2\/posts\/133960\/revisions\/133991"}],"wp:featuredmedia":[{"embeddable":true,"href":"https:\/\/iparaiba.com.br\/index.php\/wp-json\/wp\/v2\/media\/115218"}],"wp:attachment":[{"href":"https:\/\/iparaiba.com.br\/index.php\/wp-json\/wp\/v2\/media?parent=133960"}],"wp:term":[{"taxonomy":"category","embeddable":true,"href":"https:\/\/iparaiba.com.br\/index.php\/wp-json\/wp\/v2\/categories?post=133960"},{"taxonomy":"post_tag","embeddable":true,"href":"https:\/\/iparaiba.com.br\/index.php\/wp-json\/wp\/v2\/tags?post=133960"}],"curies":[{"name":"wp","href":"https:\/\/api.w.org\/{rel}","templated":true}]}}