{"id":133939,"date":"2024-11-13T17:30:49","date_gmt":"2024-11-13T20:30:49","guid":{"rendered":"https:\/\/onordeste.com.br\/?p=123423"},"modified":"2024-11-13T17:30:49","modified_gmt":"2024-11-13T20:30:49","slug":"legendas-tem-prazo-para-solicitar-propaganda-partidaria","status":"publish","type":"post","link":"https:\/\/iparaiba.com.br\/index.php\/2024\/11\/13\/legendas-tem-prazo-para-solicitar-propaganda-partidaria\/","title":{"rendered":"Legendas t\u00eam prazo para solicitar propaganda partid\u00e1ria"},"content":{"rendered":"<p>Termina, nesta quinta-feira (14), o prazo para os partidos pol\u00edticos registrados no Tribunal Superior Eleitoral (TSE) solicitarem a veicula\u00e7\u00e3o nacional de propaganda partid\u00e1ria gratuita nas emissoras de r\u00e1dio e televis\u00e3o no 1\u00ba\u00a0semestre de 2025. J\u00e1 para as inser\u00e7\u00f5es estaduais, a requisi\u00e7\u00e3o deve ser apresentada pelo diret\u00f3rio estadual da legenda ao tribunal regional eleitoral (TRE) do respectivo estado.<\/p>\n<p>A atribui\u00e7\u00e3o de tempo da propaganda partid\u00e1ria gratuita no r\u00e1dio e na televis\u00e3o para o 1\u00ba\u00a0semestre de 2025 consta da\u00a0<a href=\"https:\/\/www.tse.jus.br\/legislacao\/compilada\/prt\/2024\/portaria-no-824-de-23-de-outubro-de-2024\">Portaria do TSE n\u00ba 824, de 2024<\/a>. A norma tem como crit\u00e9rio a verifica\u00e7\u00e3o\u00a0da cl\u00e1usula de desempenho prevista no\u202f<a href=\"https:\/\/www.planalto.gov.br\/ccivil_03\/Constituicao\/Emendas\/Emc\/emc97.htm#art3\"><b>inciso II do par\u00e1grafo \u00fanico do artigo 3\u00ba da Emenda Constitucional n\u00ba 97<\/b><\/a>, de 4 de outubro de 2017, entre outros itens.<\/p>\n<h3 id=\"titulo-0\">Compete ao partido requerer<\/h3>\n<p>A\u202f<a href=\"https:\/\/www.tse.jus.br\/legislacao\/compilada\/res\/2022\/resolucao-no-23-679-de-8-de-fevereiro-de-2022\">Resolu\u00e7\u00e3o TSE n\u00ba 23.679, de 2022<\/a>, traz as regras da propaganda partid\u00e1ria gratuita no r\u00e1dio e na televis\u00e3o, realizada por meio de inser\u00e7\u00f5es nos intervalos da programa\u00e7\u00e3o normal das emissoras.<\/p>\n<p>Pelo artigo 5\u00ba do texto, compete ao \u00f3rg\u00e3o de dire\u00e7\u00e3o do partido que atuar em \u00e2mbito nacional ou estadual\u00a0\u2013 por meio de representante legal\u00a0\u2013 solicitar\u00a0a veicula\u00e7\u00e3o da propaganda partid\u00e1ria.<\/p>\n<p>Segundo a norma, o pedido deve ser enviado ao TSE quando feito por \u00f3rg\u00e3o de dire\u00e7\u00e3o nacional da legenda para a veicula\u00e7\u00e3o de inser\u00e7\u00f5es nacionais (<a href=\"http:\/\/www.planalto.gov.br\/ccivil_03\/leis\/l9096.htm#art50A\"><b>Lei n\u00ba 9.096\/1995, art. 50-A, \u00a7 7\u00ba, I\u202f<\/b><\/a>) e ao tribunal regional eleitoral do respectivo estado quando feito por \u00f3rg\u00e3o de dire\u00e7\u00e3o regional do partido para a exibi\u00e7\u00e3o de inser\u00e7\u00f5es estaduais (<a href=\"http:\/\/www.planalto.gov.br\/ccivil_03\/leis\/l9096.htm#art50B\"><b>Lei n\u00ba 9.096\/1995, art. 50-A, \u00a7 7\u00ba, II\u202f<\/b><\/a>).<\/p>\n<p>O prazo de apresenta\u00e7\u00e3o do requerimento para a veicula\u00e7\u00e3o das inser\u00e7\u00f5es no 1\u00ba\u00a0semestre do ano seguinte \u00e9 entre 1\u00ba e 14 de novembro, segundo o artigo 6\u00ba da resolu\u00e7\u00e3o. J\u00e1 para a veicula\u00e7\u00e3o de inser\u00e7\u00f5es no 2\u00ba semestre, o prazo definido na norma para a apresenta\u00e7\u00e3o da solicita\u00e7\u00e3o vai de 10 a 25 de maio do ano n\u00e3o eleitoral.<\/p>\n<h3 id=\"titulo-1\">Objetivos da propaganda partid\u00e1ria<\/h3>\n<p>A propaganda partid\u00e1ria tem como metas difundir mensagens sobre a execu\u00e7\u00e3o do programa do partido, divulgar as atividades congressuais da legenda, o posicionamento em rela\u00e7\u00e3o a temas pol\u00edticos e a\u00e7\u00f5es da sociedade civil, bem como promover e propagar a participa\u00e7\u00e3o pol\u00edtica das mulheres, dos jovens e das pessoas negras.<\/p>\n<p>A propaganda partid\u00e1ria gratuita ser\u00e1 transmitida no r\u00e1dio e na televis\u00e3o entre as 19h30 e as 22h30, em \u00e2mbito nacional e estadual, por iniciativa dos partidos. N\u00e3o se deve confundir propaganda partid\u00e1ria e propaganda eleitoral (<a href=\"https:\/\/www.tse.jus.br\/comunicacao\/noticias\/2022\/Fevereiro\/entenda-as-diferencas-entre-propaganda-partidaria-e-propaganda-eleitoral\"><b>clique e entenda a diferen\u00e7a entre elas<\/b><\/a>).<\/p>\n","protected":false},"excerpt":{"rendered":"<p>Termina, nesta quinta-feira (14), o prazo para os partidos pol\u00edticos registrados no Tribunal Superior Eleitoral (TSE) solicitarem a veicula\u00e7\u00e3o nacional de propaganda partid\u00e1ria gratuita nas emissoras de r\u00e1dio e televis\u00e3o no 1\u00ba\u00a0semestre de 2025. J\u00e1 para as inser\u00e7\u00f5es estaduais, a requisi\u00e7\u00e3o deve ser apresentada pelo diret\u00f3rio estadual da legenda ao tribunal regional eleitoral (TRE) do &hellip;<\/p>\n","protected":false},"author":1,"featured_media":100390,"comment_status":"open","ping_status":"open","sticky":false,"template":"","format":"standard","meta":{"footnotes":""},"categories":[8],"tags":[],"class_list":["post-133939","post","type-post","status-publish","format-standard","has-post-thumbnail","hentry","category-politica"],"_links":{"self":[{"href":"https:\/\/iparaiba.com.br\/index.php\/wp-json\/wp\/v2\/posts\/133939","targetHints":{"allow":["GET"]}}],"collection":[{"href":"https:\/\/iparaiba.com.br\/index.php\/wp-json\/wp\/v2\/posts"}],"about":[{"href":"https:\/\/iparaiba.com.br\/index.php\/wp-json\/wp\/v2\/types\/post"}],"author":[{"embeddable":true,"href":"https:\/\/iparaiba.com.br\/index.php\/wp-json\/wp\/v2\/users\/1"}],"replies":[{"embeddable":true,"href":"https:\/\/iparaiba.com.br\/index.php\/wp-json\/wp\/v2\/comments?post=133939"}],"version-history":[{"count":0,"href":"https:\/\/iparaiba.com.br\/index.php\/wp-json\/wp\/v2\/posts\/133939\/revisions"}],"wp:featuredmedia":[{"embeddable":true,"href":"https:\/\/iparaiba.com.br\/index.php\/wp-json\/wp\/v2\/media\/100390"}],"wp:attachment":[{"href":"https:\/\/iparaiba.com.br\/index.php\/wp-json\/wp\/v2\/media?parent=133939"}],"wp:term":[{"taxonomy":"category","embeddable":true,"href":"https:\/\/iparaiba.com.br\/index.php\/wp-json\/wp\/v2\/categories?post=133939"},{"taxonomy":"post_tag","embeddable":true,"href":"https:\/\/iparaiba.com.br\/index.php\/wp-json\/wp\/v2\/tags?post=133939"}],"curies":[{"name":"wp","href":"https:\/\/api.w.org\/{rel}","templated":true}]}}