{"id":133937,"date":"2024-11-20T18:32:34","date_gmt":"2024-11-20T21:32:34","guid":{"rendered":"https:\/\/onordeste.com.br\/?p=133937"},"modified":"2024-11-20T18:32:34","modified_gmt":"2024-11-20T21:32:34","slug":"g20-social-brasil-propoe-novo-ods-pela-igualdade-etnico-racial","status":"publish","type":"post","link":"https:\/\/iparaiba.com.br\/index.php\/2024\/11\/20\/g20-social-brasil-propoe-novo-ods-pela-igualdade-etnico-racial\/","title":{"rendered":"G20 Social: Brasil prop\u00f5e novo ODS pela igualdade \u00e9tnico-racial"},"content":{"rendered":"<p>O governo federal apresentou\u00a0 no Museu do Amanh\u00e3, no Rio de Janeiro, a ado\u00e7\u00e3o volunt\u00e1ria de um 18\u00ba Objetivo de Desenvolvimento Sustent\u00e1vel (ODS) dedicado \u00e0 igualdade \u00e9tnico-racial. Ele est\u00e1 inserido no contexto da Agenda 2030, da Organiza\u00e7\u00e3o das Na\u00e7\u00f5es Unidas (ONU), que tem oficialmente 17 ODS.<img decoding=\"async\" src=\"https:\/\/agenciabrasil.ebc.com.br\/ebc.png?id=1619949&amp;o=node\" \/><img decoding=\"async\" src=\"https:\/\/agenciabrasil.ebc.com.br\/ebc.gif?id=1619949&amp;o=node\" \/><\/p>\n<p>A cria\u00e7\u00e3o de uma nova meta global \u00e9 justificada pela necessidade de enfrentar o racismo estrutural, tido como um dos principais problemas de desenvolvimento do mundo. A a\u00e7\u00e3o busca promover um desenvolvimento sustent\u00e1vel inclusivo para pessoas de todas as ra\u00e7as e etnias.<\/p>\n<p>O evento, que integra a programa\u00e7\u00e3o do G20 Social, teve a presen\u00e7a de autoridades do governo, representantes da ONU no Brasil e membros da sociedade civil organizada. Tamb\u00e9m foi lan\u00e7ada a Cartilha &#8220;Agenda 2030 e os ODS ao seu alcance&#8221;, para deixar o p\u00fablico mais familiarizado com a Agenda 2030.<\/p>\n<div class=\"dnd-widget-wrapper context-grande_6colunas type-image atom-align-left\">\n<div class=\"dnd-atom-rendered\">Segundo os organizadores, a Agenda 2030 deve ser vista como ferramenta social e pol\u00edtica na luta contra as desigualdades, com efeitos e transforma\u00e7\u00f5es duradouros.<\/div>\n<\/div>\n<p>&#8220;Precisamos pensar na constru\u00e7\u00e3o de um mundo que nos respeite, que n\u00e3o nos violente, nem nos mate. Por isso, a resist\u00eancia \u00e9 t\u00e3o importante. Temos que combater a intoler\u00e2ncia religiosa, o racismo e todo tipo de viol\u00eancia que atinge quilombolas e o povo preto. Pensar em coordenadas dentro desse lugar \u00e9 fazer com que n\u00e3o abramos mais os jornais e vejamos negros ou ind\u00edgenas assassinados&#8221;, disse a ministra Anielle Franco, da Igualdade Racial.<\/p>\n<p>&#8220;O ODS vai promover debates estruturais que o mundo precisa reconhecer e valorizar. Povos ind\u00edgenas, popula\u00e7\u00e3o negra, cada um tem sua realidade e estilo de vida. Que a partir desse ODS possamos discutir e enfrentar os problemas. Temos leis, mas elas n\u00e3o garantem espa\u00e7o e presen\u00e7a real. N\u00e3o vamos lutar apenas com debates e leis. Temos que implementar as mudan\u00e7as&#8221;, afirmou\u00a0S\u00f4nia Guajajara, ministra dos Povos Ind\u00edgenas.<\/p>\n<p>A ministra dos Direitos Humanos e da Cidadania, Maca\u00e9 Evaristo, comparou em termos de import\u00e2ncia o lan\u00e7amento do ODS 18 com a Lei 10.639, de 2003, que tratou da obrigatoriedade do ensino da cultura afro-brasileira.<\/p>\n<p>Ag\u00eancia Brasil<\/p>\n","protected":false},"excerpt":{"rendered":"<p>O governo federal apresentou\u00a0 no Museu do Amanh\u00e3, no Rio de Janeiro, a ado\u00e7\u00e3o volunt\u00e1ria de um 18\u00ba Objetivo de Desenvolvimento Sustent\u00e1vel (ODS) dedicado \u00e0 igualdade \u00e9tnico-racial. Ele est\u00e1 inserido no contexto da Agenda 2030, da Organiza\u00e7\u00e3o das Na\u00e7\u00f5es Unidas (ONU), que tem oficialmente 17 ODS. A cria\u00e7\u00e3o de uma nova meta global \u00e9 justificada &hellip;<\/p>\n","protected":false},"author":1,"featured_media":123174,"comment_status":"open","ping_status":"open","sticky":false,"template":"","format":"standard","meta":{"footnotes":""},"categories":[18],"tags":[],"class_list":["post-133937","post","type-post","status-publish","format-standard","has-post-thumbnail","hentry","category-brasil"],"_links":{"self":[{"href":"https:\/\/iparaiba.com.br\/index.php\/wp-json\/wp\/v2\/posts\/133937","targetHints":{"allow":["GET"]}}],"collection":[{"href":"https:\/\/iparaiba.com.br\/index.php\/wp-json\/wp\/v2\/posts"}],"about":[{"href":"https:\/\/iparaiba.com.br\/index.php\/wp-json\/wp\/v2\/types\/post"}],"author":[{"embeddable":true,"href":"https:\/\/iparaiba.com.br\/index.php\/wp-json\/wp\/v2\/users\/1"}],"replies":[{"embeddable":true,"href":"https:\/\/iparaiba.com.br\/index.php\/wp-json\/wp\/v2\/comments?post=133937"}],"version-history":[{"count":1,"href":"https:\/\/iparaiba.com.br\/index.php\/wp-json\/wp\/v2\/posts\/133937\/revisions"}],"predecessor-version":[{"id":133957,"href":"https:\/\/iparaiba.com.br\/index.php\/wp-json\/wp\/v2\/posts\/133937\/revisions\/133957"}],"wp:featuredmedia":[{"embeddable":true,"href":"https:\/\/iparaiba.com.br\/index.php\/wp-json\/wp\/v2\/media\/123174"}],"wp:attachment":[{"href":"https:\/\/iparaiba.com.br\/index.php\/wp-json\/wp\/v2\/media?parent=133937"}],"wp:term":[{"taxonomy":"category","embeddable":true,"href":"https:\/\/iparaiba.com.br\/index.php\/wp-json\/wp\/v2\/categories?post=133937"},{"taxonomy":"post_tag","embeddable":true,"href":"https:\/\/iparaiba.com.br\/index.php\/wp-json\/wp\/v2\/tags?post=133937"}],"curies":[{"name":"wp","href":"https:\/\/api.w.org\/{rel}","templated":true}]}}