{"id":133929,"date":"2024-11-20T10:00:54","date_gmt":"2024-11-20T13:00:54","guid":{"rendered":"https:\/\/onordeste.com.br\/?p=133929"},"modified":"2024-11-20T10:00:54","modified_gmt":"2024-11-20T13:00:54","slug":"pf-prende-homem-foragido-por-homicidio-qualificado","status":"publish","type":"post","link":"https:\/\/iparaiba.com.br\/index.php\/2024\/11\/20\/pf-prende-homem-foragido-por-homicidio-qualificado\/","title":{"rendered":"PF prende homem foragido por homic\u00eddio qualificado"},"content":{"rendered":"<p><strong>Rio de Janeiro\/RJ.<\/strong> A Pol\u00edcia Federal prendeu um homem que estava foragido pelo crime de homic\u00eddio qualificado. A a\u00e7\u00e3o ocorreu no bairro da Barra da Tijuca, Zona Oeste do Rio de Janeiro.<\/p>\n<p>O crime foi cometido em raz\u00e3o da insatisfa\u00e7\u00e3o do preso pela cobran\u00e7a por uma divis\u00e3o do valor de 100 reais que ele pagaria ao seu pr\u00f3prio primo e \u00e0 v\u00edtima do homic\u00eddio, por um servi\u00e7o que os dois prestaram ao homem preso na a\u00e7\u00e3o de hoje.<\/p>\n<p>Ap\u00f3s levantamentos de dados de intelig\u00eancia, policiais federais tiveram \u00eaxito em localizar o foragido em seu local de trabalho, onde foi efetuada a pris\u00e3o do mesmo.<\/p>\n<p>A a\u00e7\u00e3o cumpriu o mandado de pris\u00e3o preventiva expedido em desfavor do preso pela 1\u00aa Vara Criminal da Comarca de Natal. A pena foi fixada em 14 anos de reclus\u00e3o. Ap\u00f3s as formalidades de praxe, ele foi encaminhado ao sistema prisional do estado, onde permanecer\u00e1 \u00e0 disposi\u00e7\u00e3o da Justi\u00e7a.<\/p>\n<p><em>Comunica\u00e7\u00e3o Social da Pol\u00edcia Federal no Rio de Janeiro<\/em><\/p>\n","protected":false},"excerpt":{"rendered":"<p>Rio de Janeiro\/RJ. A Pol\u00edcia Federal prendeu um homem que estava foragido pelo crime de homic\u00eddio qualificado. A a\u00e7\u00e3o ocorreu no bairro da Barra da Tijuca, Zona Oeste do Rio de Janeiro. O crime foi cometido em raz\u00e3o da insatisfa\u00e7\u00e3o do preso pela cobran\u00e7a por uma divis\u00e3o do valor de 100 reais que ele pagaria &hellip;<\/p>\n","protected":false},"author":1,"featured_media":108842,"comment_status":"open","ping_status":"open","sticky":false,"template":"","format":"standard","meta":{"footnotes":""},"categories":[13],"tags":[],"class_list":["post-133929","post","type-post","status-publish","format-standard","has-post-thumbnail","hentry","category-policial"],"_links":{"self":[{"href":"https:\/\/iparaiba.com.br\/index.php\/wp-json\/wp\/v2\/posts\/133929","targetHints":{"allow":["GET"]}}],"collection":[{"href":"https:\/\/iparaiba.com.br\/index.php\/wp-json\/wp\/v2\/posts"}],"about":[{"href":"https:\/\/iparaiba.com.br\/index.php\/wp-json\/wp\/v2\/types\/post"}],"author":[{"embeddable":true,"href":"https:\/\/iparaiba.com.br\/index.php\/wp-json\/wp\/v2\/users\/1"}],"replies":[{"embeddable":true,"href":"https:\/\/iparaiba.com.br\/index.php\/wp-json\/wp\/v2\/comments?post=133929"}],"version-history":[{"count":1,"href":"https:\/\/iparaiba.com.br\/index.php\/wp-json\/wp\/v2\/posts\/133929\/revisions"}],"predecessor-version":[{"id":133953,"href":"https:\/\/iparaiba.com.br\/index.php\/wp-json\/wp\/v2\/posts\/133929\/revisions\/133953"}],"wp:featuredmedia":[{"embeddable":true,"href":"https:\/\/iparaiba.com.br\/index.php\/wp-json\/wp\/v2\/media\/108842"}],"wp:attachment":[{"href":"https:\/\/iparaiba.com.br\/index.php\/wp-json\/wp\/v2\/media?parent=133929"}],"wp:term":[{"taxonomy":"category","embeddable":true,"href":"https:\/\/iparaiba.com.br\/index.php\/wp-json\/wp\/v2\/categories?post=133929"},{"taxonomy":"post_tag","embeddable":true,"href":"https:\/\/iparaiba.com.br\/index.php\/wp-json\/wp\/v2\/tags?post=133929"}],"curies":[{"name":"wp","href":"https:\/\/api.w.org\/{rel}","templated":true}]}}