{"id":133916,"date":"2024-11-19T12:00:22","date_gmt":"2024-11-19T15:00:22","guid":{"rendered":"https:\/\/onordeste.com.br\/?p=133916"},"modified":"2024-11-19T12:00:22","modified_gmt":"2024-11-19T15:00:22","slug":"estado-recebe-recursos-para-implementacao-do-programa-agua-doce","status":"publish","type":"post","link":"https:\/\/iparaiba.com.br\/index.php\/2024\/11\/19\/estado-recebe-recursos-para-implementacao-do-programa-agua-doce\/","title":{"rendered":"Estado recebe recursos para implementa\u00e7\u00e3o do programa \u00c1gua Doce"},"content":{"rendered":"<p>A Para\u00edba ser\u00e1 contemplada com R$ 10 milh\u00f5es para a implementa\u00e7\u00e3o do Programa \u00c1gua Doce, no per\u00edodo de 2025 a 2028. A assinatura simb\u00f3lica dos novos instrumentos de repasse de recurso foi realizada pelo secret\u00e1rio nacional de Seguran\u00e7a H\u00eddrica do Minist\u00e9rio da Integra\u00e7\u00e3o e Desenvolvimento Regional (MIDR), Giuseppe Serra Seca Vieira, durante o IX Encontro Nacional de Capacita\u00e7\u00e3o e Integra\u00e7\u00e3o do PAD-Novo Ciclo; que acontece nesta quarta-feira (13) e quinta-feira (14), em Aracaju (SE).<\/p>\n<div id=\"main\">\n<p>&nbsp;<\/p>\n<div class=\"\">\n<div id=\"content\">\n<article>\n<div id=\"content-core\">\n<div id=\"parent-fieldname-text\" class=\"\">\n<p>Os recursos destinados \u00e0 Para\u00edba ser\u00e3o para constru\u00e7\u00e3o de 23 sistemas de dessaliniza\u00e7\u00e3o nas regi\u00f5es do Curimata\u00fa e do Serid\u00f3 e gerenciamento de outros 30 j\u00e1 em constru\u00e7\u00e3o. Foi o que explicou o coordenador estadual do Programa \u00c1gua Doce, Robi Tabolka, que acompanha a equipe do Estado formada por t\u00e9cnicos, operadores e gestor do programa no evento. A programa\u00e7\u00e3o conta com mesa de di\u00e1logo sobre a implementa\u00e7\u00e3o do PAD, troca de experi\u00eancias e perspectivas sob a \u00f3ticas dos estados, boas pr\u00e1ticas, presta\u00e7\u00e3o de contas, gest\u00e3o de conv\u00eanios e visita de campo a um sistema de dessaliniza\u00e7\u00e3o, no munic\u00edpio de Po\u00e7o Verde (SE).<\/p>\n<p>O gestor do Sistema de Dessaliniza\u00e7\u00e3o do Munic\u00edpio de Amparo, Everaldo Eronides Maciel, considerado como refer\u00eancia entre os sistemas da Para\u00edba, representou o Estado na mesa de autoridades. Ele falou dos benef\u00edcios do PAD para a popula\u00e7\u00e3o e do processo de melhoria que vem implementando com o apoio do poder p\u00fablico e da comunidade beneficiada. O programa \u00e9 desenvolvido no Estado pela Secretaria da Infraestrutura e dos Recursos H\u00eddricos (Seirh), por meio de gest\u00e3o compartilhada, com munic\u00edpios e a comunidade, em parceria com o governo federal.<\/p>\n<p>O secret\u00e1rio nacional de Seguran\u00e7a H\u00eddrica, Giuseppe Serra, destacou que o mais relevante para o programa \u00e9 o envolvimento direto da comunidade.\u00a0\u201cO encontro tem o objetivo de avaliar o programa at\u00e9 o momento e redesenhar o novo ciclo, no sentido de melhorar o atendimento do programa, rico, bonito e com hist\u00f3rico de sucesso que ser\u00e1 implementado pelo novo PAC. O aperfei\u00e7oamento do PAD \u00e9 de grande relev\u00e2ncia e import\u00e2ncia para o Governo Federal, com a expectativa de retomar de fato o programa e as parcerias com estados, munic\u00edpios e comunidades\u201d, assegurou Giuseppe.<\/p>\n<p>O Programa conta atualmente com 101 sistemas em funcionamento na Para\u00edba, que recebem manuten\u00e7\u00e3o conforme metodologia, ofertando \u00e1gua para o consumo humano, utiliza\u00e7\u00e3o em trabalhos dom\u00e9sticos e para os animais. A a\u00e7\u00e3o beneficia 60 mil pessoas, direta e indiretamente, fornecendo \u00e1gua de qualidade para mais de 400 institui\u00e7\u00f5es p\u00fablicas, como associa\u00e7\u00f5es, escolas, pres\u00eddios, templos religiosos, unidades b\u00e1sicas de sa\u00fade (UBS) e hospitais, prefeituras e secretarias. O investimento total \u00e9 de R$ 25,712 milh\u00f5es.<\/p>\n<p>A a\u00e7\u00e3o, que atende aos estados do Nordeste e norte de Minas Gerais, visa estabelecer uma pol\u00edtica p\u00fablica permanente de acesso \u00e0 \u00e1gua de qualidade, para o consumo humano. Funciona por meio do aproveitamento sustent\u00e1vel de \u00e1guas subterr\u00e2neas, incorporando cuidados t\u00e9cnicos, ambientais e sociais na implanta\u00e7\u00e3o e gest\u00e3o de sistemas de dessaliniza\u00e7\u00e3o no semi\u00e1rido brasileiro, levando-se em considera\u00e7\u00e3o a caracter\u00edstica da presen\u00e7a de sais nas \u00e1guas subterr\u00e2neas desta regi\u00e3o.<\/p>\n<p><b>Pesquisa &#8211;\u00a0<\/b>A mestranda do Curso de Ci\u00eancias Pol\u00edticas da Universidade Federal de Campina Grande (UFCG), Marina Dantas, tamb\u00e9m participa do evento, com finalidade de avaliar o programa como pol\u00edtica p\u00fablica; os impactos, resultados e melhoria na vida das pessoas. Segundo ela, o programa \u00e9 tema de sua disserta\u00e7\u00e3o e a inten\u00e7\u00e3o \u00e9 \u201cconhecer o funcionamento, suas \u00e1reas de atua\u00e7\u00e3o, coleta de dados, para delinear os indicadores e a melhor forma de avali\u00e1-lo, tendo em vista que nas Ci\u00eancias Pol\u00edticas s\u00e3o estudadas e tomadas as decis\u00f5es de pol\u00edticas p\u00fablicas para a sociedade\u201d.<\/p>\n<\/div>\n<\/div>\n<\/article>\n<\/div>\n<\/div>\n<p>&nbsp;<\/p>\n<\/div>\n","protected":false},"excerpt":{"rendered":"<p>A Para\u00edba ser\u00e1 contemplada com R$ 10 milh\u00f5es para a implementa\u00e7\u00e3o do Programa \u00c1gua Doce, no per\u00edodo de 2025 a 2028. A assinatura simb\u00f3lica dos novos instrumentos de repasse de recurso foi realizada pelo secret\u00e1rio nacional de Seguran\u00e7a H\u00eddrica do Minist\u00e9rio da Integra\u00e7\u00e3o e Desenvolvimento Regional (MIDR), Giuseppe Serra Seca Vieira, durante o IX Encontro &hellip;<\/p>\n","protected":false},"author":1,"featured_media":98148,"comment_status":"open","ping_status":"open","sticky":false,"template":"","format":"standard","meta":{"footnotes":""},"categories":[3],"tags":[],"class_list":["post-133916","post","type-post","status-publish","format-standard","has-post-thumbnail","hentry","category-nordeste"],"_links":{"self":[{"href":"https:\/\/iparaiba.com.br\/index.php\/wp-json\/wp\/v2\/posts\/133916","targetHints":{"allow":["GET"]}}],"collection":[{"href":"https:\/\/iparaiba.com.br\/index.php\/wp-json\/wp\/v2\/posts"}],"about":[{"href":"https:\/\/iparaiba.com.br\/index.php\/wp-json\/wp\/v2\/types\/post"}],"author":[{"embeddable":true,"href":"https:\/\/iparaiba.com.br\/index.php\/wp-json\/wp\/v2\/users\/1"}],"replies":[{"embeddable":true,"href":"https:\/\/iparaiba.com.br\/index.php\/wp-json\/wp\/v2\/comments?post=133916"}],"version-history":[{"count":1,"href":"https:\/\/iparaiba.com.br\/index.php\/wp-json\/wp\/v2\/posts\/133916\/revisions"}],"predecessor-version":[{"id":133947,"href":"https:\/\/iparaiba.com.br\/index.php\/wp-json\/wp\/v2\/posts\/133916\/revisions\/133947"}],"wp:featuredmedia":[{"embeddable":true,"href":"https:\/\/iparaiba.com.br\/index.php\/wp-json\/wp\/v2\/media\/98148"}],"wp:attachment":[{"href":"https:\/\/iparaiba.com.br\/index.php\/wp-json\/wp\/v2\/media?parent=133916"}],"wp:term":[{"taxonomy":"category","embeddable":true,"href":"https:\/\/iparaiba.com.br\/index.php\/wp-json\/wp\/v2\/categories?post=133916"},{"taxonomy":"post_tag","embeddable":true,"href":"https:\/\/iparaiba.com.br\/index.php\/wp-json\/wp\/v2\/tags?post=133916"}],"curies":[{"name":"wp","href":"https:\/\/api.w.org\/{rel}","templated":true}]}}