{"id":133914,"date":"2024-11-19T10:00:36","date_gmt":"2024-11-19T13:00:36","guid":{"rendered":"https:\/\/onordeste.com.br\/?p=133914"},"modified":"2024-11-19T10:00:36","modified_gmt":"2024-11-19T13:00:36","slug":"selos-nacionais-de-boas-praticas-no-enfrentamento-ao-hiv-e-a-sifilis","status":"publish","type":"post","link":"https:\/\/iparaiba.com.br\/index.php\/2024\/11\/19\/selos-nacionais-de-boas-praticas-no-enfrentamento-ao-hiv-e-a-sifilis\/","title":{"rendered":"Selos nacionais de boas pr\u00e1ticas no enfrentamento ao HIV e \u00e0 S\u00edfilis"},"content":{"rendered":"<p style=\"font-weight: 400;\">O Munic\u00edpio de Campina Grande obteve dois importantes selos nacionais de reconhecimento da execu\u00e7\u00e3o de boas pr\u00e1ticas rumo \u00e0 elimina\u00e7\u00e3o da transmiss\u00e3o vertical do HIV e da S\u00edfilis. A cidade recebeu a certifica\u00e7\u00e3o da Comiss\u00e3o Nacional de Valida\u00e7\u00e3o (CNV), do Minist\u00e9rio da Sa\u00fade, e \u00e9 a \u00fanica da Para\u00edba a conseguir os selos.<\/p>\n<p style=\"font-weight: 400;\">O Munic\u00edpio conquistou o Selo Prata de Boas Pr\u00e1ticas Rumo \u00e0 Elimina\u00e7\u00e3o da Transmiss\u00e3o Vertical do HIV e o Selo Bronze de Boas Pr\u00e1ticas Rumo \u00e0 Elimina\u00e7\u00e3o da Transmiss\u00e3o Vertical da S\u00edfilis. O resultado leva em considera\u00e7\u00e3o as a\u00e7\u00f5es desenvolvidas na cidade nos anos de 2021 e 2022. O munic\u00edpio j\u00e1 pleiteou a avalia\u00e7\u00e3o para o bi\u00eanio 2023\/2024.<\/p>\n<p style=\"font-weight: 400;\">A avalia\u00e7\u00e3o contou, inclusive, com visita t\u00e9cnica dos representantes da Comiss\u00e3o \u00e0 cidade para conhecer o trabalho de enfrentamento a essas doen\u00e7as desenvolvidas no \u00e2mbito da Secretaria Municipal de Sa\u00fade, particularmente, na Vigil\u00e2ncia em Sa\u00fade. Os avaliadores conheceram as a\u00e7\u00f5es do Centro Municipal de Infectologia Silvestre Gon\u00e7alves Maia, o trabalho do Instituto de Sa\u00fade Elp\u00eddio de Almeida (ISEA) e as atividades da Aten\u00e7\u00e3o Prim\u00e1ria \u00e0 Sa\u00fade (APS).<\/p>\n<p style=\"font-weight: 400;\">O levantamento leva em considera\u00e7\u00e3o indicadores como a taxa de transmiss\u00e3o, taxa de incid\u00eancia, taxa de transmiss\u00e3o vertical de m\u00e3e para beb\u00ea, acompanhamento de pr\u00e9-natal das gestantes, entre diversos outros crit\u00e9rios como a exist\u00eancia de programas e servi\u00e7os de sa\u00fade espec\u00edficos para a \u00e1rea, exist\u00eancia de sistema de monitoramento de vigil\u00e2ncia e qualidade dos dados, os sistemas de vigil\u00e2ncia e protocolos nos servi\u00e7os, capacidade diagn\u00f3stica e qualidade de testes e pol\u00edtica de direitos humanos, igualdade de g\u00eanero e participa\u00e7\u00e3o da comunidade.<\/p>\n<p style=\"font-weight: 400;\">\u201cEstamos extremamente felizes com esse resultado e j\u00e1 vislumbramos a possibilidade de atingir todos os indicadores e alcan\u00e7armos os selos ouro na pr\u00f3xima avalia\u00e7\u00e3o\u201d, destacou o Diretor de Vigil\u00e2ncia em Sa\u00fade, Miguel Dantas. \u201cEste resultado \u00e9 fruto de um trabalho muito silencioso e muito eficaz da Vigil\u00e2ncia em Sa\u00fade, essencial para monitoramento, preven\u00e7\u00e3o, promo\u00e7\u00e3o \u00e0 sa\u00fade e tratamento digno e adequado\u201d, avaliou o secret\u00e1rio de Sa\u00fade, Carlos Dunga J\u00fanior.<\/p>\n<p style=\"font-weight: 400;\"><strong>Previne Brasil &#8211;\u00a0<\/strong>Na semana passada, o Minist\u00e9rio da Sa\u00fade tamb\u00e9m divulgou o Indicador Sint\u00e9tico Final que avalia a qualidade da Aten\u00e7\u00e3o B\u00e1sica e o Munic\u00edpio subiu de 6.4 para 7.1, a maior nota desde 2017. Um dos crit\u00e9rios da avalia\u00e7\u00e3o \u00e9 a solicita\u00e7\u00e3o e avalia\u00e7\u00e3o dos testes r\u00e1pidos de HIV e S\u00edfilis, que subiu de 66% para 69%.<\/p>\n<p style=\"font-weight: 400;\"><strong>Reconhecimento internacional &#8211;\u00a0<\/strong>O trabalho do Centro Municipal de Infectologia tamb\u00e9m j\u00e1 recebeu reconhecimento em uma plataforma internacional neste ano de 2024. O servi\u00e7o foi destaque na plataforma digital IAS+, que d\u00e1 visibilidade aos servi\u00e7os de refer\u00eancia para pacientes com HIV. A experi\u00eancia de Campina Grande foi escolhida pela plataforma ap\u00f3s ser indicada pela excel\u00eancia da assist\u00eancia prestada por um usu\u00e1rio da unidade, por meio da campanha \u201cEu e Meu profissional de Sa\u00fade 2024\u201d.<\/p>\n","protected":false},"excerpt":{"rendered":"<p>O Munic\u00edpio de Campina Grande obteve dois importantes selos nacionais de reconhecimento da execu\u00e7\u00e3o de boas pr\u00e1ticas rumo \u00e0 elimina\u00e7\u00e3o da transmiss\u00e3o vertical do HIV e da S\u00edfilis. A cidade recebeu a certifica\u00e7\u00e3o da Comiss\u00e3o Nacional de Valida\u00e7\u00e3o (CNV), do Minist\u00e9rio da Sa\u00fade, e \u00e9 a \u00fanica da Para\u00edba a conseguir os selos. O Munic\u00edpio &hellip;<\/p>\n","protected":false},"author":1,"featured_media":109412,"comment_status":"open","ping_status":"open","sticky":false,"template":"","format":"standard","meta":{"footnotes":""},"categories":[2],"tags":[],"class_list":["post-133914","post","type-post","status-publish","format-standard","has-post-thumbnail","hentry","category-saude"],"_links":{"self":[{"href":"https:\/\/iparaiba.com.br\/index.php\/wp-json\/wp\/v2\/posts\/133914","targetHints":{"allow":["GET"]}}],"collection":[{"href":"https:\/\/iparaiba.com.br\/index.php\/wp-json\/wp\/v2\/posts"}],"about":[{"href":"https:\/\/iparaiba.com.br\/index.php\/wp-json\/wp\/v2\/types\/post"}],"author":[{"embeddable":true,"href":"https:\/\/iparaiba.com.br\/index.php\/wp-json\/wp\/v2\/users\/1"}],"replies":[{"embeddable":true,"href":"https:\/\/iparaiba.com.br\/index.php\/wp-json\/wp\/v2\/comments?post=133914"}],"version-history":[{"count":1,"href":"https:\/\/iparaiba.com.br\/index.php\/wp-json\/wp\/v2\/posts\/133914\/revisions"}],"predecessor-version":[{"id":133946,"href":"https:\/\/iparaiba.com.br\/index.php\/wp-json\/wp\/v2\/posts\/133914\/revisions\/133946"}],"wp:featuredmedia":[{"embeddable":true,"href":"https:\/\/iparaiba.com.br\/index.php\/wp-json\/wp\/v2\/media\/109412"}],"wp:attachment":[{"href":"https:\/\/iparaiba.com.br\/index.php\/wp-json\/wp\/v2\/media?parent=133914"}],"wp:term":[{"taxonomy":"category","embeddable":true,"href":"https:\/\/iparaiba.com.br\/index.php\/wp-json\/wp\/v2\/categories?post=133914"},{"taxonomy":"post_tag","embeddable":true,"href":"https:\/\/iparaiba.com.br\/index.php\/wp-json\/wp\/v2\/tags?post=133914"}],"curies":[{"name":"wp","href":"https:\/\/api.w.org\/{rel}","templated":true}]}}