{"id":133906,"date":"2024-11-18T16:08:31","date_gmt":"2024-11-18T19:08:31","guid":{"rendered":"https:\/\/onordeste.com.br\/?p=133906"},"modified":"2024-11-18T16:08:31","modified_gmt":"2024-11-18T19:08:31","slug":"alpb-e-finalista-em-premio-nacional-com-programa-de-combate-a-violencia-contra-as-mulheres","status":"publish","type":"post","link":"https:\/\/iparaiba.com.br\/index.php\/2024\/11\/18\/alpb-e-finalista-em-premio-nacional-com-programa-de-combate-a-violencia-contra-as-mulheres\/","title":{"rendered":"ALPB \u00e9 finalista em pr\u00eamio nacional com programa de combate \u00e0 viol\u00eancia contra as mulheres"},"content":{"rendered":"<p>A Assembleia Legislativa da Para\u00edba \u00e9 finalista do pr\u00eamio Unale. Este ano, a Casa de Epit\u00e1cio Pessoa concorre na categoria Atendimento ao Cidad\u00e3o, com o programa de combate \u00e0 viol\u00eancia feminina \u201cRompa o Ciclo da Viol\u00eancia\u201d, que visa incentivar as mulheres a dizerem \u201cn\u00e3o\u201d \u00e0 viol\u00eancia e reconhecerem quando est\u00e3o sendo v\u00edtimas de abusos, sejam eles f\u00edsicos, psicol\u00f3gicos, patrimoniais ou sexuais.<\/p>\n<p>A entrega do pr\u00eamio Assembleia Cidad\u00e3 vai ocorrer na 5\u00aa edi\u00e7\u00e3o do Pr\u00eamio Unale Assembleia Cidad\u00e3, que ser\u00e1 realizada entre os dias 3 e 5 de dezembro, no Rio de Janeiro. A premia\u00e7\u00e3o tem como objetivo reconhecer e valorizar as boas pr\u00e1ticas das assembleias legislativas estaduais nas \u00e1reas de Gest\u00e3o, Atendimento ao Cidad\u00e3o e Projetos Especiais.<\/p>\n","protected":false},"excerpt":{"rendered":"<p>A Assembleia Legislativa da Para\u00edba \u00e9 finalista do pr\u00eamio Unale. Este ano, a Casa de Epit\u00e1cio Pessoa concorre na categoria Atendimento ao Cidad\u00e3o, com o programa de combate \u00e0 viol\u00eancia feminina \u201cRompa o Ciclo da Viol\u00eancia\u201d, que visa incentivar as mulheres a dizerem \u201cn\u00e3o\u201d \u00e0 viol\u00eancia e reconhecerem quando est\u00e3o sendo v\u00edtimas de abusos, sejam &hellip;<\/p>\n","protected":false},"author":1,"featured_media":115221,"comment_status":"open","ping_status":"open","sticky":false,"template":"","format":"standard","meta":{"footnotes":""},"categories":[8],"tags":[],"class_list":["post-133906","post","type-post","status-publish","format-standard","has-post-thumbnail","hentry","category-politica"],"_links":{"self":[{"href":"https:\/\/iparaiba.com.br\/index.php\/wp-json\/wp\/v2\/posts\/133906","targetHints":{"allow":["GET"]}}],"collection":[{"href":"https:\/\/iparaiba.com.br\/index.php\/wp-json\/wp\/v2\/posts"}],"about":[{"href":"https:\/\/iparaiba.com.br\/index.php\/wp-json\/wp\/v2\/types\/post"}],"author":[{"embeddable":true,"href":"https:\/\/iparaiba.com.br\/index.php\/wp-json\/wp\/v2\/users\/1"}],"replies":[{"embeddable":true,"href":"https:\/\/iparaiba.com.br\/index.php\/wp-json\/wp\/v2\/comments?post=133906"}],"version-history":[{"count":1,"href":"https:\/\/iparaiba.com.br\/index.php\/wp-json\/wp\/v2\/posts\/133906\/revisions"}],"predecessor-version":[{"id":133942,"href":"https:\/\/iparaiba.com.br\/index.php\/wp-json\/wp\/v2\/posts\/133906\/revisions\/133942"}],"wp:featuredmedia":[{"embeddable":true,"href":"https:\/\/iparaiba.com.br\/index.php\/wp-json\/wp\/v2\/media\/115221"}],"wp:attachment":[{"href":"https:\/\/iparaiba.com.br\/index.php\/wp-json\/wp\/v2\/media?parent=133906"}],"wp:term":[{"taxonomy":"category","embeddable":true,"href":"https:\/\/iparaiba.com.br\/index.php\/wp-json\/wp\/v2\/categories?post=133906"},{"taxonomy":"post_tag","embeddable":true,"href":"https:\/\/iparaiba.com.br\/index.php\/wp-json\/wp\/v2\/tags?post=133906"}],"curies":[{"name":"wp","href":"https:\/\/api.w.org\/{rel}","templated":true}]}}