{"id":133904,"date":"2024-11-18T14:07:12","date_gmt":"2024-11-18T17:07:12","guid":{"rendered":"https:\/\/onordeste.com.br\/?p=133904"},"modified":"2024-11-18T14:07:12","modified_gmt":"2024-11-18T17:07:12","slug":"aprovada-realizacao-anual-de-consultas-clinicas-para-alunos","status":"publish","type":"post","link":"https:\/\/iparaiba.com.br\/index.php\/2024\/11\/18\/aprovada-realizacao-anual-de-consultas-clinicas-para-alunos\/","title":{"rendered":"Aprovada realiza\u00e7\u00e3o anual de consultas cl\u00ednicas para alunos"},"content":{"rendered":"<p align=\"justify\">A C\u00e2mara Municipal de Jo\u00e3o Pessoa (CMJP) aprovou a Pol\u00edtica P\u00fablica de Sa\u00fade Escolar para a realiza\u00e7\u00e3o anual de consultas cl\u00ednicas dos alunos da rede municipal de ensino. O Plen\u00e1rio aprovou sete Projetos de Lei Ordin\u00e1ria (PLO) e um Projeto de Decreto Legislativo (PDL). Ainda foram mantidos dois Vetos do Executivo Municipal.<\/p>\n<p align=\"justify\">Entre os projetos aprovados, um dos destaques foi o PLO\u00a0<u><a href=\"https:\/\/sapl.joaopessoa.pb.leg.br\/materia\/pesquisar-materia?tipo=1&amp;ementa=&amp;numero=442&amp;numeracao__numero_materia=&amp;numero_protocolo=&amp;ano=2021&amp;autoria__autor=&amp;autoria__primeiro_autor=unknown&amp;autoria__autor__tipo=&amp;autoria__autor__parlamentar_set__filiacao__partido=&amp;o=&amp;tipo_listagem=1&amp;tipo_origem_externa=&amp;numero_origem_externa=&amp;ano_origem_externa=&amp;data_origem_externa_0=&amp;data_origem_externa_1=&amp;local_origem_externa=&amp;data_apresentacao_0=&amp;data_apresentacao_1=&amp;data_publicacao_0=&amp;data_publicacao_1=&amp;relatoria__parlamentar_id=&amp;em_tramitacao=&amp;tramitacao__unidade_tramitacao_destino=&amp;tramitacao__status=&amp;materiaassunto__assunto=&amp;indexacao=&amp;regime_tramitacao=&amp;salvar=Pesquisar\" target=\"_blank\" rel=\"noopener\" data-saferedirecturl=\"https:\/\/www.google.com\/url?q=https:\/\/sapl.joaopessoa.pb.leg.br\/materia\/pesquisar-materia?tipo%3D1%26ementa%3D%26numero%3D442%26numeracao__numero_materia%3D%26numero_protocolo%3D%26ano%3D2021%26autoria__autor%3D%26autoria__primeiro_autor%3Dunknown%26autoria__autor__tipo%3D%26autoria__autor__parlamentar_set__filiacao__partido%3D%26o%3D%26tipo_listagem%3D1%26tipo_origem_externa%3D%26numero_origem_externa%3D%26ano_origem_externa%3D%26data_origem_externa_0%3D%26data_origem_externa_1%3D%26local_origem_externa%3D%26data_apresentacao_0%3D%26data_apresentacao_1%3D%26data_publicacao_0%3D%26data_publicacao_1%3D%26relatoria__parlamentar_id%3D%26em_tramitacao%3D%26tramitacao__unidade_tramitacao_destino%3D%26tramitacao__status%3D%26materiaassunto__assunto%3D%26indexacao%3D%26regime_tramitacao%3D%26salvar%3DPesquisar&amp;source=gmail&amp;ust=1732030889075000&amp;usg=AOvVaw3na2j25lIJomtSlvk3VC-s\">442\/2021<\/a><\/u>, de autoria do vereador Marc\u00edlio do HBE (Republicanos), que cria a Pol\u00edtica P\u00fablica de Sa\u00fade Escolar para a realiza\u00e7\u00e3o anual de consultas cl\u00ednicas oftalmol\u00f3gicas, fonoaudiol\u00f3gicas, ortod\u00f4nticas e otorrinolaringol\u00f3gicas, com exames complementares, quando indicados pelos respectivos especialistas, para os alunos das escolas da rede p\u00fablica municipal de Jo\u00e3o Pessoa.<\/p>\n<p align=\"justify\">De acordo com o documento, os alunos dever\u00e3o ser encaminhados \u00e0s unidades de sa\u00fade da rede p\u00fablica municipal mais pr\u00f3ximas das escolas para realizar as consultas anuais. Tamb\u00e9m fica determinado que os resultados das consultas, se necess\u00e1rio e a crit\u00e9rio do respons\u00e1vel, dever\u00e3o ser entregues antes do in\u00edcio do ano letivo na secretaria da escola em que o aluno estiver matriculado. Ainda fica especificado que a escola dever\u00e1 levar em considera\u00e7\u00e3o o resultado das consultas para definir o posicionamento ideal do aluno no interior da sala de aula, a fim de que, na hip\u00f3tese de eventual defici\u00eancia, o processo de aprendizagem e o rendimento escolar n\u00e3o sejam prejudicados. A Secretaria Municipal de Educa\u00e7\u00e3o e a Secretaria Municipal de Sa\u00fade dever\u00e3o, conjuntamente, adotar as provid\u00eancias administrativas necess\u00e1rias para a realiza\u00e7\u00e3o das consultas e poss\u00edveis exames complementares, sem qualquer \u00f4nus para os alunos e\/ou respons\u00e1veis legais.<\/p>\n<p align=\"justify\">Dois projetos do vereador Zezinho Botafogo (PSB) tamb\u00e9m instituem pol\u00edticas na Capital. O PLO\u00a0<u><a href=\"https:\/\/sapl.joaopessoa.pb.leg.br\/materia\/pesquisar-materia?tipo=1&amp;ementa=&amp;numero=1917&amp;numeracao__numero_materia=&amp;numero_protocolo=&amp;ano=2024&amp;autoria__autor=&amp;autoria__primeiro_autor=unknown&amp;autoria__autor__tipo=&amp;autoria__autor__parlamentar_set__filiacao__partido=&amp;o=&amp;tipo_listagem=1&amp;tipo_origem_externa=&amp;numero_origem_externa=&amp;ano_origem_externa=&amp;data_origem_externa_0=&amp;data_origem_externa_1=&amp;local_origem_externa=&amp;data_apresentacao_0=&amp;data_apresentacao_1=&amp;data_publicacao_0=&amp;data_publicacao_1=&amp;relatoria__parlamentar_id=&amp;em_tramitacao=&amp;tramitacao__unidade_tramitacao_destino=&amp;tramitacao__status=&amp;materiaassunto__assunto=&amp;indexacao=&amp;regime_tramitacao=&amp;salvar=Pesquisar\" target=\"_blank\" rel=\"noopener\" data-saferedirecturl=\"https:\/\/www.google.com\/url?q=https:\/\/sapl.joaopessoa.pb.leg.br\/materia\/pesquisar-materia?tipo%3D1%26ementa%3D%26numero%3D1917%26numeracao__numero_materia%3D%26numero_protocolo%3D%26ano%3D2024%26autoria__autor%3D%26autoria__primeiro_autor%3Dunknown%26autoria__autor__tipo%3D%26autoria__autor__parlamentar_set__filiacao__partido%3D%26o%3D%26tipo_listagem%3D1%26tipo_origem_externa%3D%26numero_origem_externa%3D%26ano_origem_externa%3D%26data_origem_externa_0%3D%26data_origem_externa_1%3D%26local_origem_externa%3D%26data_apresentacao_0%3D%26data_apresentacao_1%3D%26data_publicacao_0%3D%26data_publicacao_1%3D%26relatoria__parlamentar_id%3D%26em_tramitacao%3D%26tramitacao__unidade_tramitacao_destino%3D%26tramitacao__status%3D%26materiaassunto__assunto%3D%26indexacao%3D%26regime_tramitacao%3D%26salvar%3DPesquisar&amp;source=gmail&amp;ust=1732030889075000&amp;usg=AOvVaw2eGe1Of-oSt6sig-FHfujD\">1917\/2024<\/a><\/u>\u00a0cria a Pol\u00edtica Municipal de Informa\u00e7\u00e3o e Orienta\u00e7\u00e3o aos Idosos sobre Assist\u00eancia Social em Jo\u00e3o Pessoa, com o objetivo de promover o acesso \u00e0 informa\u00e7\u00e3o e orienta\u00e7\u00e3o adequada aos idosos, visando a garantia de seus direitos e o acesso aos servi\u00e7os de assist\u00eancia sociais dispon\u00edveis, sendo considerado idoso a pessoa com idade igual ou superior a 60 anos, conforme estabelecido pelo Estatuto do Idoso (Lei n\u00ba 10.741\/2003). O PLO\u00a0<u><a href=\"https:\/\/sapl.joaopessoa.pb.leg.br\/materia\/pesquisar-materia?tipo=1&amp;ementa=&amp;numero=1979&amp;numeracao__numero_materia=&amp;numero_protocolo=&amp;ano=2024&amp;autoria__autor=&amp;autoria__primeiro_autor=unknown&amp;autoria__autor__tipo=&amp;autoria__autor__parlamentar_set__filiacao__partido=&amp;o=&amp;tipo_listagem=1&amp;tipo_origem_externa=&amp;numero_origem_externa=&amp;ano_origem_externa=&amp;data_origem_externa_0=&amp;data_origem_externa_1=&amp;local_origem_externa=&amp;data_apresentacao_0=&amp;data_apresentacao_1=&amp;data_publicacao_0=&amp;data_publicacao_1=&amp;relatoria__parlamentar_id=&amp;em_tramitacao=&amp;tramitacao__unidade_tramitacao_destino=&amp;tramitacao__status=&amp;materiaassunto__assunto=&amp;indexacao=&amp;regime_tramitacao=&amp;salvar=Pesquisar\" target=\"_blank\" rel=\"noopener\" data-saferedirecturl=\"https:\/\/www.google.com\/url?q=https:\/\/sapl.joaopessoa.pb.leg.br\/materia\/pesquisar-materia?tipo%3D1%26ementa%3D%26numero%3D1979%26numeracao__numero_materia%3D%26numero_protocolo%3D%26ano%3D2024%26autoria__autor%3D%26autoria__primeiro_autor%3Dunknown%26autoria__autor__tipo%3D%26autoria__autor__parlamentar_set__filiacao__partido%3D%26o%3D%26tipo_listagem%3D1%26tipo_origem_externa%3D%26numero_origem_externa%3D%26ano_origem_externa%3D%26data_origem_externa_0%3D%26data_origem_externa_1%3D%26local_origem_externa%3D%26data_apresentacao_0%3D%26data_apresentacao_1%3D%26data_publicacao_0%3D%26data_publicacao_1%3D%26relatoria__parlamentar_id%3D%26em_tramitacao%3D%26tramitacao__unidade_tramitacao_destino%3D%26tramitacao__status%3D%26materiaassunto__assunto%3D%26indexacao%3D%26regime_tramitacao%3D%26salvar%3DPesquisar&amp;source=gmail&amp;ust=1732030889075000&amp;usg=AOvVaw0aIIhi7ZmtMAySdkua7iax\">1979\/2024<\/a>\u00a0<\/u>institui a Pol\u00edtica Municipal de Combate e Preven\u00e7\u00e3o ao C\u00e2ncer de Pele, com o objetivo de promover a\u00e7\u00f5es educativas, preventivas e de conscientiza\u00e7\u00e3o sobre a import\u00e2ncia da prote\u00e7\u00e3o solar e do diagn\u00f3stico precoce, a ser desenvolvida de forma integrada com os \u00f3rg\u00e3os de sa\u00fade, educa\u00e7\u00e3o e assist\u00eancia social, visando \u00e0 maximiza\u00e7\u00e3o dos recursos e a efic\u00e1cia das a\u00e7\u00f5es. Tamb\u00e9m o Poder Executivo, por meio dos \u00f3rg\u00e3os competentes, fica autorizado a firmar parcerias com entidades p\u00fablicas e privadas para a realiza\u00e7\u00e3o de campanhas educativas, eventos de conscientiza\u00e7\u00e3o, distribui\u00e7\u00e3o de material informativo e realiza\u00e7\u00e3o de exames preventivos.<\/p>\n<p align=\"justify\">CMJP<\/p>\n","protected":false},"excerpt":{"rendered":"<p>A C\u00e2mara Municipal de Jo\u00e3o Pessoa (CMJP) aprovou a Pol\u00edtica P\u00fablica de Sa\u00fade Escolar para a realiza\u00e7\u00e3o anual de consultas cl\u00ednicas dos alunos da rede municipal de ensino. O Plen\u00e1rio aprovou sete Projetos de Lei Ordin\u00e1ria (PLO) e um Projeto de Decreto Legislativo (PDL). Ainda foram mantidos dois Vetos do Executivo Municipal. Entre os projetos &hellip;<\/p>\n","protected":false},"author":1,"featured_media":107681,"comment_status":"open","ping_status":"open","sticky":false,"template":"","format":"standard","meta":{"footnotes":""},"categories":[11],"tags":[],"class_list":["post-133904","post","type-post","status-publish","format-standard","has-post-thumbnail","hentry","category-educacao"],"_links":{"self":[{"href":"https:\/\/iparaiba.com.br\/index.php\/wp-json\/wp\/v2\/posts\/133904","targetHints":{"allow":["GET"]}}],"collection":[{"href":"https:\/\/iparaiba.com.br\/index.php\/wp-json\/wp\/v2\/posts"}],"about":[{"href":"https:\/\/iparaiba.com.br\/index.php\/wp-json\/wp\/v2\/types\/post"}],"author":[{"embeddable":true,"href":"https:\/\/iparaiba.com.br\/index.php\/wp-json\/wp\/v2\/users\/1"}],"replies":[{"embeddable":true,"href":"https:\/\/iparaiba.com.br\/index.php\/wp-json\/wp\/v2\/comments?post=133904"}],"version-history":[{"count":0,"href":"https:\/\/iparaiba.com.br\/index.php\/wp-json\/wp\/v2\/posts\/133904\/revisions"}],"wp:featuredmedia":[{"embeddable":true,"href":"https:\/\/iparaiba.com.br\/index.php\/wp-json\/wp\/v2\/media\/107681"}],"wp:attachment":[{"href":"https:\/\/iparaiba.com.br\/index.php\/wp-json\/wp\/v2\/media?parent=133904"}],"wp:term":[{"taxonomy":"category","embeddable":true,"href":"https:\/\/iparaiba.com.br\/index.php\/wp-json\/wp\/v2\/categories?post=133904"},{"taxonomy":"post_tag","embeddable":true,"href":"https:\/\/iparaiba.com.br\/index.php\/wp-json\/wp\/v2\/tags?post=133904"}],"curies":[{"name":"wp","href":"https:\/\/api.w.org\/{rel}","templated":true}]}}