{"id":133898,"date":"2024-11-18T14:02:28","date_gmt":"2024-11-18T17:02:28","guid":{"rendered":"https:\/\/onordeste.com.br\/?p=133898"},"modified":"2024-11-18T14:02:28","modified_gmt":"2024-11-18T17:02:28","slug":"oab-condena-atentado-a-bomba-em-brasilia","status":"publish","type":"post","link":"https:\/\/iparaiba.com.br\/index.php\/2024\/11\/18\/oab-condena-atentado-a-bomba-em-brasilia\/","title":{"rendered":"OAB condena atentado a bomba em Bras\u00edlia"},"content":{"rendered":"<p>\u201cA OAB condena o atentado a bomba ocorrido nessa quarta-feira (13\/11), nas imedia\u00e7\u00f5es da Pra\u00e7a dos Tr\u00eas Poderes, com caracter\u00edsticas de viol\u00eancia pol\u00edtico-institucional contra os alicerces da democracia. A Ordem atuar\u00e1 com todos os meios de que disp\u00f5e para que os respons\u00e1veis sejam encontrados e punidos, incluindo eventuais financiadores e mentores intelectuais.<\/p>\n<p>No passado, a atua\u00e7\u00e3o da OAB em defesa das liberdades e garantias individuais motivou um atentado a bomba em nossa sede que vitimou a Sra. Lyda Monteiro, em 1980. N\u00e3o aceitaremos que o pa\u00eds retroceda a esse tempo obscuro.<\/p>\n<p>As institui\u00e7\u00f5es da Rep\u00fablica podem contar com o apoio da OAB, que lutou para que houvesse no Brasil a pluralidade de partidos que existe hoje, para que o Judici\u00e1rio e o Minist\u00e9rio P\u00fablico fossem independentes, para que a privacidade e as liberdades individuais fossem respeitadas. O compromisso da Ordem com o Estado Democr\u00e1tico de Direito permanece inabalado.\u201d<\/p>\n<p><b><i>Beto Simonetti, presidente nacional da OAB<\/i><\/b><\/p>\n","protected":false},"excerpt":{"rendered":"<p>\u201cA OAB condena o atentado a bomba ocorrido nessa quarta-feira (13\/11), nas imedia\u00e7\u00f5es da Pra\u00e7a dos Tr\u00eas Poderes, com caracter\u00edsticas de viol\u00eancia pol\u00edtico-institucional contra os alicerces da democracia. A Ordem atuar\u00e1 com todos os meios de que disp\u00f5e para que os respons\u00e1veis sejam encontrados e punidos, incluindo eventuais financiadores e mentores intelectuais. No passado, a &hellip;<\/p>\n","protected":false},"author":1,"featured_media":123284,"comment_status":"open","ping_status":"open","sticky":false,"template":"","format":"standard","meta":{"footnotes":""},"categories":[18],"tags":[],"class_list":["post-133898","post","type-post","status-publish","format-standard","has-post-thumbnail","hentry","category-brasil"],"_links":{"self":[{"href":"https:\/\/iparaiba.com.br\/index.php\/wp-json\/wp\/v2\/posts\/133898","targetHints":{"allow":["GET"]}}],"collection":[{"href":"https:\/\/iparaiba.com.br\/index.php\/wp-json\/wp\/v2\/posts"}],"about":[{"href":"https:\/\/iparaiba.com.br\/index.php\/wp-json\/wp\/v2\/types\/post"}],"author":[{"embeddable":true,"href":"https:\/\/iparaiba.com.br\/index.php\/wp-json\/wp\/v2\/users\/1"}],"replies":[{"embeddable":true,"href":"https:\/\/iparaiba.com.br\/index.php\/wp-json\/wp\/v2\/comments?post=133898"}],"version-history":[{"count":0,"href":"https:\/\/iparaiba.com.br\/index.php\/wp-json\/wp\/v2\/posts\/133898\/revisions"}],"wp:featuredmedia":[{"embeddable":true,"href":"https:\/\/iparaiba.com.br\/index.php\/wp-json\/wp\/v2\/media\/123284"}],"wp:attachment":[{"href":"https:\/\/iparaiba.com.br\/index.php\/wp-json\/wp\/v2\/media?parent=133898"}],"wp:term":[{"taxonomy":"category","embeddable":true,"href":"https:\/\/iparaiba.com.br\/index.php\/wp-json\/wp\/v2\/categories?post=133898"},{"taxonomy":"post_tag","embeddable":true,"href":"https:\/\/iparaiba.com.br\/index.php\/wp-json\/wp\/v2\/tags?post=133898"}],"curies":[{"name":"wp","href":"https:\/\/api.w.org\/{rel}","templated":true}]}}