{"id":133896,"date":"2024-11-18T14:01:29","date_gmt":"2024-11-18T17:01:29","guid":{"rendered":"https:\/\/onordeste.com.br\/?p=133896"},"modified":"2024-11-18T14:01:29","modified_gmt":"2024-11-18T17:01:29","slug":"ccj-aprova-parecer-favoravel-a-realocacao-no-valor-de-17-milhao-para-habitacao","status":"publish","type":"post","link":"https:\/\/iparaiba.com.br\/index.php\/2024\/11\/18\/ccj-aprova-parecer-favoravel-a-realocacao-no-valor-de-17-milhao-para-habitacao\/","title":{"rendered":"CCJ aprova parecer favor\u00e1vel \u00e0 realoca\u00e7\u00e3o no valor de 1,7 milh\u00e3o para habita\u00e7\u00e3o"},"content":{"rendered":"<p align=\"justify\">A Comiss\u00e3o de Constitui\u00e7\u00e3o, Justi\u00e7a, Reda\u00e7\u00e3o e Legisla\u00e7\u00e3o Participativa (CCJ) da C\u00e2mara Municipal de Jo\u00e3o Pessoa (CMJP) acatou um Projeto de Lei Ordin\u00e1ria (PLO) que autoriza realoca\u00e7\u00e3o no valor de R$ 1.729.605,75 para a Secretaria Municipal de Habita\u00e7\u00e3o Social. O colegiado acatou tr\u00eas PLOs e tr\u00eas Projetos de Decreto Legislativo (PDL). A Comiss\u00e3o ainda rejeitou dois projetos e retirou outro de pauta. Tr\u00eas Vetos do Executivo Municipal foram mantidos.<\/p>\n<p align=\"justify\">O\u00a0<u><a href=\"https:\/\/sapl.joaopessoa.pb.leg.br\/materia\/pesquisar-materia?tipo=1&amp;ementa=&amp;numero=2267&amp;numeracao__numero_materia=&amp;numero_protocolo=&amp;ano=2024&amp;autoria__autor=&amp;autoria__primeiro_autor\" target=\"_blank\" rel=\"noopener\" data-saferedirecturl=\"https:\/\/www.google.com\/url?q=https:\/\/sapl.joaopessoa.pb.leg.br\/materia\/pesquisar-materia?tipo%3D1%26ementa%3D%26numero%3D2267%26numeracao__numero_materia%3D%26numero_protocolo%3D%26ano%3D2024%26autoria__autor%3D%26autoria__primeiro_autor&amp;source=gmail&amp;ust=1732030886928000&amp;usg=AOvVaw0-jPk-3lPbAeJlt8JIhAB3\">PLO 2267\/2024<\/a><\/u>, de autoria do Executivo Municipal, acatado, autoriza a realoca\u00e7\u00e3o de dota\u00e7\u00e3o or\u00e7ament\u00e1ria atrav\u00e9s do instrumento de remanejamento, no Or\u00e7amento do corrente exerc\u00edcio, no valor de R$ 1.729.605,75 destinados \u00e0 cobertura de programa e despesa de car\u00e1ter continuado na Secretaria Municipal de Habita\u00e7\u00e3o Social.<\/p>\n<p align=\"justify\">Entre os projetos de autoria dos vereadores, dois receberam pareceres favor\u00e1veis: o PLO\u00a0<u><a href=\"https:\/\/sapl.joaopessoa.pb.leg.br\/materia\/pesquisar-materia?tipo=1&amp;ementa=&amp;numero=2289&amp;numeracao__numero_materia=&amp;numero_protocolo=&amp;ano=2024&amp;autoria__autor=&amp;autoria__primeiro_autor=unknown&amp;autoria__autor__tipo=&amp;autoria__autor__parlamentar_set__filiacao__partido=&amp;o=&amp;tipo_listagem=1&amp;tipo_origem_externa=&amp;numero_origem_externa=&amp;ano_origem_externa=&amp;data_origem_externa_0=&amp;data_origem_externa_1=&amp;local_origem_externa=&amp;data_apresentacao_0=&amp;data_apresentacao_1=&amp;data_publicacao_0=&amp;data_publicacao_1=&amp;relatoria__parlamentar_id=&amp;em_tramitacao=&amp;tramitacao__unidade_tramitacao_destino=&amp;tramitacao__status=&amp;materiaassunto__assunto=&amp;indexacao=&amp;regime_tramitacao=&amp;salvar=Pesquisar\" target=\"_blank\" rel=\"noopener\" data-saferedirecturl=\"https:\/\/www.google.com\/url?q=https:\/\/sapl.joaopessoa.pb.leg.br\/materia\/pesquisar-materia?tipo%3D1%26ementa%3D%26numero%3D2289%26numeracao__numero_materia%3D%26numero_protocolo%3D%26ano%3D2024%26autoria__autor%3D%26autoria__primeiro_autor%3Dunknown%26autoria__autor__tipo%3D%26autoria__autor__parlamentar_set__filiacao__partido%3D%26o%3D%26tipo_listagem%3D1%26tipo_origem_externa%3D%26numero_origem_externa%3D%26ano_origem_externa%3D%26data_origem_externa_0%3D%26data_origem_externa_1%3D%26local_origem_externa%3D%26data_apresentacao_0%3D%26data_apresentacao_1%3D%26data_publicacao_0%3D%26data_publicacao_1%3D%26relatoria__parlamentar_id%3D%26em_tramitacao%3D%26tramitacao__unidade_tramitacao_destino%3D%26tramitacao__status%3D%26materiaassunto__assunto%3D%26indexacao%3D%26regime_tramitacao%3D%26salvar%3DPesquisar&amp;source=gmail&amp;ust=1732030886928000&amp;usg=AOvVaw2OxIvBO4SUiuzj99vTBmIY\">2289\/2024<\/a><\/u>, de Marmuthe Cavalcanti (Republicano), e o PLO\u00a0<u><a href=\"https:\/\/sapl.joaopessoa.pb.leg.br\/materia\/pesquisar-materia?tipo=1&amp;ementa=&amp;numero=2076&amp;numeracao__numero_materia=&amp;numero_protocolo=&amp;ano=2024&amp;autoria__autor=&amp;autoria__primeiro_autor=unknown&amp;autoria__autor__tipo=&amp;autoria__autor__parlamentar_set__filiacao__partido=&amp;o=&amp;tipo_listagem=1&amp;tipo_origem_externa=&amp;numero_origem_externa=&amp;ano_origem_externa=&amp;data_origem_externa_0=&amp;data_origem_externa_1=&amp;local_origem_externa=&amp;data_apresentacao_0=&amp;data_apresentacao_1=&amp;data_publicacao_0=&amp;data_publicacao_1=&amp;relatoria__parlamentar_id=&amp;em_tramitacao=&amp;tramitacao__unidade_tramitacao_destino=&amp;tramitacao__status=&amp;materiaassunto__assunto=&amp;indexacao=&amp;regime_tramitacao=&amp;salvar=Pesquisar\" target=\"_blank\" rel=\"noopener\" data-saferedirecturl=\"https:\/\/www.google.com\/url?q=https:\/\/sapl.joaopessoa.pb.leg.br\/materia\/pesquisar-materia?tipo%3D1%26ementa%3D%26numero%3D2076%26numeracao__numero_materia%3D%26numero_protocolo%3D%26ano%3D2024%26autoria__autor%3D%26autoria__primeiro_autor%3Dunknown%26autoria__autor__tipo%3D%26autoria__autor__parlamentar_set__filiacao__partido%3D%26o%3D%26tipo_listagem%3D1%26tipo_origem_externa%3D%26numero_origem_externa%3D%26ano_origem_externa%3D%26data_origem_externa_0%3D%26data_origem_externa_1%3D%26local_origem_externa%3D%26data_apresentacao_0%3D%26data_apresentacao_1%3D%26data_publicacao_0%3D%26data_publicacao_1%3D%26relatoria__parlamentar_id%3D%26em_tramitacao%3D%26tramitacao__unidade_tramitacao_destino%3D%26tramitacao__status%3D%26materiaassunto__assunto%3D%26indexacao%3D%26regime_tramitacao%3D%26salvar%3DPesquisar&amp;source=gmail&amp;ust=1732030886928000&amp;usg=AOvVaw3lLbxUohz8Iqvfb5NAVNNC\">2076\/2024<\/a><\/u>, de Emano Santos ((PV), d\u00e3o nome de Rua Jos\u00e9 de Nazar\u00e9 Fernandes da Silva e Rua Jo\u00e3o Ronaldo dos Santos, respectivamente, a art\u00e9rias ainda sem denomina\u00e7\u00e3o.<\/p>\n<p align=\"justify\">Ainda foram acatados tr\u00eas Projetos de Decreto Legislativo (PDL) de autoria do vereador Renato Martins (Avante). Dois deles outorgando T\u00edtulo de Cidad\u00e3o Pessoense: o\u00a0<u><a href=\"https:\/\/sapl.joaopessoa.pb.leg.br\/materia\/pesquisar-materia?tipo=6&amp;ementa=&amp;numero=295&amp;numeracao__numero_materia=&amp;numero_protocolo=&amp;ano=2024&amp;autoria__autor=&amp;autoria__primeiro_autor=unknown&amp;autoria__autor__tipo=&amp;autoria__autor__parlamentar_set__filiacao__partido=&amp;o=&amp;tipo_listagem=1&amp;tipo_origem_externa=&amp;numero_origem_externa=&amp;ano_origem_externa=&amp;data_origem_externa_0=&amp;data_origem_externa_1=&amp;local_origem_externa=&amp;data_apresentacao_0=&amp;data_apresentacao_1=&amp;data_publicacao_0=&amp;data_publicacao_1=&amp;relatoria__parlamentar_id=&amp;em_tramitacao=&amp;tramitacao__unidade_tramitacao_destino=&amp;tramitacao__status=&amp;materiaassunto__assunto=&amp;indexacao=&amp;regime_tramitacao=&amp;salvar=Pesquisar\" target=\"_blank\" rel=\"noopener\" data-saferedirecturl=\"https:\/\/www.google.com\/url?q=https:\/\/sapl.joaopessoa.pb.leg.br\/materia\/pesquisar-materia?tipo%3D6%26ementa%3D%26numero%3D295%26numeracao__numero_materia%3D%26numero_protocolo%3D%26ano%3D2024%26autoria__autor%3D%26autoria__primeiro_autor%3Dunknown%26autoria__autor__tipo%3D%26autoria__autor__parlamentar_set__filiacao__partido%3D%26o%3D%26tipo_listagem%3D1%26tipo_origem_externa%3D%26numero_origem_externa%3D%26ano_origem_externa%3D%26data_origem_externa_0%3D%26data_origem_externa_1%3D%26local_origem_externa%3D%26data_apresentacao_0%3D%26data_apresentacao_1%3D%26data_publicacao_0%3D%26data_publicacao_1%3D%26relatoria__parlamentar_id%3D%26em_tramitacao%3D%26tramitacao__unidade_tramitacao_destino%3D%26tramitacao__status%3D%26materiaassunto__assunto%3D%26indexacao%3D%26regime_tramitacao%3D%26salvar%3DPesquisar&amp;source=gmail&amp;ust=1732030886928000&amp;usg=AOvVaw1HktLiR4luzIRQRr8Gian0\">295\/2024<\/a><\/u>, ao atual prefeito de Cabedelo (PB), Vitor Hugo Peixoto Castelliano, e o\u00a0<u><a href=\"https:\/\/sapl.joaopessoa.pb.leg.br\/materia\/pesquisar-materia?tipo=6&amp;ementa=&amp;numero=296&amp;numeracao__numero_materia=&amp;numero_protocolo=&amp;ano=2024&amp;autoria__autor=&amp;autoria__primeiro_autor=unknown&amp;autoria__autor__tipo=&amp;autoria__autor__parlamentar_set__filiacao__partido=&amp;o=&amp;tipo_listagem=1&amp;tipo_origem_externa=&amp;numero_origem_externa=&amp;ano_origem_externa=&amp;data_origem_externa_0=&amp;data_origem_externa_1=&amp;local_origem_externa=&amp;data_apresentacao_0=&amp;data_apresentacao_1=&amp;data_publicacao_0=&amp;data_publicacao_1=&amp;relatoria__parlamentar_id=&amp;em_tramitacao=&amp;tramitacao__unidade_tramitacao_destino=&amp;tramitacao__status=&amp;materiaassunto__assunto=&amp;indexacao=&amp;regime_tramitacao=&amp;salvar=Pesquisar\" target=\"_blank\" rel=\"noopener\" data-saferedirecturl=\"https:\/\/www.google.com\/url?q=https:\/\/sapl.joaopessoa.pb.leg.br\/materia\/pesquisar-materia?tipo%3D6%26ementa%3D%26numero%3D296%26numeracao__numero_materia%3D%26numero_protocolo%3D%26ano%3D2024%26autoria__autor%3D%26autoria__primeiro_autor%3Dunknown%26autoria__autor__tipo%3D%26autoria__autor__parlamentar_set__filiacao__partido%3D%26o%3D%26tipo_listagem%3D1%26tipo_origem_externa%3D%26numero_origem_externa%3D%26ano_origem_externa%3D%26data_origem_externa_0%3D%26data_origem_externa_1%3D%26local_origem_externa%3D%26data_apresentacao_0%3D%26data_apresentacao_1%3D%26data_publicacao_0%3D%26data_publicacao_1%3D%26relatoria__parlamentar_id%3D%26em_tramitacao%3D%26tramitacao__unidade_tramitacao_destino%3D%26tramitacao__status%3D%26materiaassunto__assunto%3D%26indexacao%3D%26regime_tramitacao%3D%26salvar%3DPesquisar&amp;source=gmail&amp;ust=1732030886928000&amp;usg=AOvVaw3gch2WGAXNjHFdrpYgSJKL\">296\/2024<\/a><\/u>, ao secret\u00e1rio estadual da Causa Animal do Cear\u00e1, Estev\u00e3o Sampaio Romcy. J\u00e1 o PDL\u00a0<u><a href=\"https:\/\/sapl.joaopessoa.pb.leg.br\/materia\/pesquisar-materia?tipo=6&amp;ementa=&amp;numero=297&amp;numeracao__numero_materia=&amp;numero_protocolo=&amp;ano=2024&amp;autoria__autor=&amp;autoria__primeiro_autor=unknown&amp;autoria__autor__tipo=&amp;autoria__autor__parlamentar_set__filiacao__partido=&amp;o=&amp;tipo_listagem=1&amp;tipo_origem_externa=&amp;numero_origem_externa=&amp;ano_origem_externa=&amp;data_origem_externa_0=&amp;data_origem_externa_1=&amp;local_origem_externa=&amp;data_apresentacao_0=&amp;data_apresentacao_1=&amp;data_publicacao_0=&amp;data_publicacao_1=&amp;relatoria__parlamentar_id=&amp;em_tramitacao=&amp;tramitacao__unidade_tramitacao_destino=&amp;tramitacao__status=&amp;materiaassunto__assunto=&amp;indexacao=&amp;regime_tramitacao=&amp;salvar=Pesquisar\" target=\"_blank\" rel=\"noopener\" data-saferedirecturl=\"https:\/\/www.google.com\/url?q=https:\/\/sapl.joaopessoa.pb.leg.br\/materia\/pesquisar-materia?tipo%3D6%26ementa%3D%26numero%3D297%26numeracao__numero_materia%3D%26numero_protocolo%3D%26ano%3D2024%26autoria__autor%3D%26autoria__primeiro_autor%3Dunknown%26autoria__autor__tipo%3D%26autoria__autor__parlamentar_set__filiacao__partido%3D%26o%3D%26tipo_listagem%3D1%26tipo_origem_externa%3D%26numero_origem_externa%3D%26ano_origem_externa%3D%26data_origem_externa_0%3D%26data_origem_externa_1%3D%26local_origem_externa%3D%26data_apresentacao_0%3D%26data_apresentacao_1%3D%26data_publicacao_0%3D%26data_publicacao_1%3D%26relatoria__parlamentar_id%3D%26em_tramitacao%3D%26tramitacao__unidade_tramitacao_destino%3D%26tramitacao__status%3D%26materiaassunto__assunto%3D%26indexacao%3D%26regime_tramitacao%3D%26salvar%3DPesquisar&amp;source=gmail&amp;ust=1732030886928000&amp;usg=AOvVaw1mMwimPSejIQWuBkVN3I8N\">297\/2024<\/a><\/u>\u00a0concede a Medalha de Honra ao M\u00e9rito Jur\u00eddico Joacil de Brito Pereira ao juiz da 4\u00aa Vara do Trabalho de Jo\u00e3o Pessoa e Professor de Gradua\u00e7\u00e3o e P\u00f3s-Gradua\u00e7\u00e3o Doutor Paulo Henrique Tavares da Silva.<\/p>\n<p align=\"justify\">CMJP<\/p>\n","protected":false},"excerpt":{"rendered":"<p>A Comiss\u00e3o de Constitui\u00e7\u00e3o, Justi\u00e7a, Reda\u00e7\u00e3o e Legisla\u00e7\u00e3o Participativa (CCJ) da C\u00e2mara Municipal de Jo\u00e3o Pessoa (CMJP) acatou um Projeto de Lei Ordin\u00e1ria (PLO) que autoriza realoca\u00e7\u00e3o no valor de R$ 1.729.605,75 para a Secretaria Municipal de Habita\u00e7\u00e3o Social. O colegiado acatou tr\u00eas PLOs e tr\u00eas Projetos de Decreto Legislativo (PDL). A Comiss\u00e3o ainda rejeitou &hellip;<\/p>\n","protected":false},"author":1,"featured_media":97486,"comment_status":"open","ping_status":"open","sticky":false,"template":"","format":"standard","meta":{"footnotes":""},"categories":[15],"tags":[],"class_list":["post-133896","post","type-post","status-publish","format-standard","has-post-thumbnail","hentry","category-links"],"_links":{"self":[{"href":"https:\/\/iparaiba.com.br\/index.php\/wp-json\/wp\/v2\/posts\/133896","targetHints":{"allow":["GET"]}}],"collection":[{"href":"https:\/\/iparaiba.com.br\/index.php\/wp-json\/wp\/v2\/posts"}],"about":[{"href":"https:\/\/iparaiba.com.br\/index.php\/wp-json\/wp\/v2\/types\/post"}],"author":[{"embeddable":true,"href":"https:\/\/iparaiba.com.br\/index.php\/wp-json\/wp\/v2\/users\/1"}],"replies":[{"embeddable":true,"href":"https:\/\/iparaiba.com.br\/index.php\/wp-json\/wp\/v2\/comments?post=133896"}],"version-history":[{"count":0,"href":"https:\/\/iparaiba.com.br\/index.php\/wp-json\/wp\/v2\/posts\/133896\/revisions"}],"wp:featuredmedia":[{"embeddable":true,"href":"https:\/\/iparaiba.com.br\/index.php\/wp-json\/wp\/v2\/media\/97486"}],"wp:attachment":[{"href":"https:\/\/iparaiba.com.br\/index.php\/wp-json\/wp\/v2\/media?parent=133896"}],"wp:term":[{"taxonomy":"category","embeddable":true,"href":"https:\/\/iparaiba.com.br\/index.php\/wp-json\/wp\/v2\/categories?post=133896"},{"taxonomy":"post_tag","embeddable":true,"href":"https:\/\/iparaiba.com.br\/index.php\/wp-json\/wp\/v2\/tags?post=133896"}],"curies":[{"name":"wp","href":"https:\/\/api.w.org\/{rel}","templated":true}]}}