{"id":123448,"date":"2024-11-05T10:00:27","date_gmt":"2024-11-05T13:00:27","guid":{"rendered":"https:\/\/onordeste.com.br\/?p=123395"},"modified":"2024-11-05T10:00:27","modified_gmt":"2024-11-05T13:00:27","slug":"apendidas-mais-de-30-kg-de-drogas-com-passageiros-de-voos-internacionais-2","status":"publish","type":"post","link":"https:\/\/iparaiba.com.br\/index.php\/2024\/11\/05\/apendidas-mais-de-30-kg-de-drogas-com-passageiros-de-voos-internacionais-2\/","title":{"rendered":"Aprendidas mais de 30 kg de drogas com passageiros de voos internacionais"},"content":{"rendered":"<p><b>S\u00e3o Paulo\/SP.<\/b>\u00a0A Pol\u00edcia Federal deteve, entre os dias 31\/10 e madrugada desta segunda-feira, 4\/11, em a\u00e7\u00f5es distintas, nove pessoas por tr\u00e1fico de drogas, uma por inj\u00faria e outro por descaminho.<\/p>\n<p>As drogas, cujo volume somou mais de 30 kg, foram apreendidas por policiais federais que fiscalizam passageiros e bagagens com o aux\u00edlio do scanner corporal e raio x, junto aos p\u00f3rticos migrat\u00f3rios e pelas equipes que operam os c\u00e3es farejadores. Elas foram encontradas em volumes fixados aos corpos dos passageiros, em fundos falsos forjados em malas, na forma de tijolos, inseridas no corpo e ingeridas na forma de c\u00e1psulas.<\/p>\n<p>Os destinos dos suspeitos eram a Fran\u00e7a, Portugal e Catar. Foram presos nas a\u00e7\u00f5es, seis brasileiros, um nigeriano, um malasiano e um espanhol.<\/p>\n<p>Em uma a\u00e7\u00e3o realizada pela Receita Federal, foram apreendidos medicamentos para diabetes, que possuem uso off label, sem os documentos necess\u00e1rios que autorizassem sua importa\u00e7\u00e3o. A ANVISA lavrou um Termo de Interdi\u00e7\u00e3o Sanit\u00e1ria de Bagagem Acompanhada.<\/p>\n<p>Por fim, um homem foi conduzido \u00e0 delegacia da PF, por ter sido acusado de ofender a tripula\u00e7\u00e3o de um voo, ap\u00f3s ter sido advertido para que n\u00e3o consumisse bebida alco\u00f3lica a bordo.<\/p>\n<p align=\"right\"><i>Comunica\u00e7\u00e3o Social da Delegacia Especial no Aeroporto Internacional de S\u00e3o Paulo\/Guarulhos<\/i><\/p>\n","protected":false},"excerpt":{"rendered":"<p>S\u00e3o Paulo\/SP.\u00a0A Pol\u00edcia Federal deteve, entre os dias 31\/10 e madrugada desta segunda-feira, 4\/11, em a\u00e7\u00f5es distintas, nove pessoas por tr\u00e1fico de drogas, uma por inj\u00faria e outro por descaminho. As drogas, cujo volume somou mais de 30 kg, foram apreendidas por policiais federais que fiscalizam passageiros e bagagens com o aux\u00edlio do scanner corporal &hellip;<\/p>\n","protected":false},"author":1,"featured_media":0,"comment_status":"open","ping_status":"open","sticky":false,"template":"","format":"standard","meta":{"footnotes":""},"categories":[13],"tags":[],"class_list":["post-123448","post","type-post","status-publish","format-standard","has-post-thumbnail","hentry","category-policial"],"_links":{"self":[{"href":"https:\/\/iparaiba.com.br\/index.php\/wp-json\/wp\/v2\/posts\/123448","targetHints":{"allow":["GET"]}}],"collection":[{"href":"https:\/\/iparaiba.com.br\/index.php\/wp-json\/wp\/v2\/posts"}],"about":[{"href":"https:\/\/iparaiba.com.br\/index.php\/wp-json\/wp\/v2\/types\/post"}],"author":[{"embeddable":true,"href":"https:\/\/iparaiba.com.br\/index.php\/wp-json\/wp\/v2\/users\/1"}],"replies":[{"embeddable":true,"href":"https:\/\/iparaiba.com.br\/index.php\/wp-json\/wp\/v2\/comments?post=123448"}],"version-history":[{"count":0,"href":"https:\/\/iparaiba.com.br\/index.php\/wp-json\/wp\/v2\/posts\/123448\/revisions"}],"wp:attachment":[{"href":"https:\/\/iparaiba.com.br\/index.php\/wp-json\/wp\/v2\/media?parent=123448"}],"wp:term":[{"taxonomy":"category","embeddable":true,"href":"https:\/\/iparaiba.com.br\/index.php\/wp-json\/wp\/v2\/categories?post=123448"},{"taxonomy":"post_tag","embeddable":true,"href":"https:\/\/iparaiba.com.br\/index.php\/wp-json\/wp\/v2\/tags?post=123448"}],"curies":[{"name":"wp","href":"https:\/\/api.w.org\/{rel}","templated":true}]}}