{"id":123447,"date":"2024-11-15T16:00:47","date_gmt":"2024-11-15T19:00:47","guid":{"rendered":"https:\/\/onordeste.com.br\/?p=123447"},"modified":"2024-11-15T16:00:47","modified_gmt":"2024-11-15T19:00:47","slug":"mais-de-80-criancas-disponiveis-para-adocao","status":"publish","type":"post","link":"https:\/\/iparaiba.com.br\/index.php\/2024\/11\/15\/mais-de-80-criancas-disponiveis-para-adocao\/","title":{"rendered":"Mais de 80 crian\u00e7as dispon\u00edveis para ado\u00e7\u00e3o"},"content":{"rendered":"<p>Na Para\u00edba, atualmente, existem 83 crian\u00e7as e adolescentes dispon\u00edveis para ado\u00e7\u00e3o e 500 pessoas habilitadas a adotar. Em se tratando da Capital, existem cinco crian\u00e7as e adolescentes dispon\u00edveis para serem adotados, sendo dois adolescentes e um grupo de tr\u00eas irm\u00e3os, com 275 pretendentes \u00e0 ado\u00e7\u00e3o, segundo dados disponibilizados pela unidade judici\u00e1ria.<\/p>\n<p>Comemorado no \u00faltimo s\u00e1bado (9), o Dia Mundial da Ado\u00e7\u00e3o trouxe \u00e0 reflex\u00e3o a import\u00e2ncia do acolhimento de crian\u00e7as e adolescentes em todo o mundo, al\u00e9m da conscientiza\u00e7\u00e3o acerca da ado\u00e7\u00e3o \u201ctardia\u201d. Segundo explicou o juiz Adhailton Lacet, titular da 1\u00aa Vara da Inf\u00e2ncia e Juventude da Comarca da Capital, trata-se da ado\u00e7\u00e3o de crian\u00e7as com mais de cinco anos de idade, tamb\u00e9m conhecida como \u2018ado\u00e7\u00e3o necess\u00e1ria\u2019.<\/p>\n<p>\u201cToda ado\u00e7\u00e3o \u00e9 necess\u00e1ria, n\u00e3o importa a faixa et\u00e1ria da crian\u00e7a. N\u00f3s estamos, desde o ano de 2011, fazendo um trabalho de conscientiza\u00e7\u00e3o junto aos habilitados, casais, pessoas singulares, ato de ado\u00e7\u00e3o unilateral, para que possam ampliar esse perfil junto ao Sistema Nacional de Ado\u00e7\u00e3o e Acolhimento e concretizar a ado\u00e7\u00e3o necess\u00e1ria ou tardia\u201d, comentou o magistrado Adhailton Lacet.<\/p>\n<p>O juiz lembra que, nunca \u00e9 tarde para adotar. \u201cN\u00f3s mostramos aos pretendentes que a ado\u00e7\u00e3o de uma crian\u00e7a com mais idade pode ser t\u00e3o bem sucedida, quanto a de um beb\u00ea. Ainda assim, neste ano, foram adotadas mais crian\u00e7as, que adolescentes\u201d, revelou o juiz Adhailton Lacet, se referindo \u00e0s 40 ado\u00e7\u00f5es realizadas ao longo deste ano.<\/p>\n<p>O magistrado salientou, ainda, que as pessoas est\u00e3o compreendendo melhor o instituto da ado\u00e7\u00e3o e com isso, evitando, tamb\u00e9m, adotar de forma ilegal, seja na chamada \u201cado\u00e7\u00e3o \u00e0 brasileira\u201d ou mesmo na modalidade de ado\u00e7\u00e3o \u201cintuito personae\u201d, ocorrida quando a m\u00e3e entrega seu filho diretamente para uma terceira pessoa cri\u00e1-lo, sem passar pelo crivo da Justi\u00e7a infantojuvenil.<\/p>\n<p>O titular da 1\u00aa Vara da Inf\u00e2ncia e Juventude ressaltou, ainda, que as fases para ado\u00e7\u00e3o se subdividem no processo preliminar de habilita\u00e7\u00e3o, onde a parte interessada se submete a uma avalia\u00e7\u00e3o psicossocial feita pela equipe t\u00e9cnica do ju\u00edzo. Ap\u00f3s esse processo, o pretendente realiza um curso de ado\u00e7\u00e3o ministrado pela Vara da Inf\u00e2ncia e tem seu nome inserido no Sistema Nacional de Ado\u00e7\u00e3o (SNA).<\/p>\n<p>\u201cFeito isso, quando encontrada a crian\u00e7a ou adolescente de acordo com as indica\u00e7\u00f5es feitas no SNA, a parte ingressa com a a\u00e7\u00e3o de ado\u00e7\u00e3o propriamente dita, na qual o juiz designa uma audi\u00eancia e faz a oitiva dos autores e das testemunhas, julgando, em seguida, o processo\u201d, finalizou o magistrado Adhailton Lacet.<\/p>\n","protected":false},"excerpt":{"rendered":"<p>Na Para\u00edba, atualmente, existem 83 crian\u00e7as e adolescentes dispon\u00edveis para ado\u00e7\u00e3o e 500 pessoas habilitadas a adotar. Em se tratando da Capital, existem cinco crian\u00e7as e adolescentes dispon\u00edveis para serem adotados, sendo dois adolescentes e um grupo de tr\u00eas irm\u00e3os, com 275 pretendentes \u00e0 ado\u00e7\u00e3o, segundo dados disponibilizados pela unidade judici\u00e1ria. Comemorado no \u00faltimo s\u00e1bado &hellip;<\/p>\n","protected":false},"author":1,"featured_media":111526,"comment_status":"open","ping_status":"open","sticky":false,"template":"","format":"standard","meta":{"footnotes":""},"categories":[6],"tags":[],"class_list":["post-123447","post","type-post","status-publish","format-standard","has-post-thumbnail","hentry","category-destaques"],"_links":{"self":[{"href":"https:\/\/iparaiba.com.br\/index.php\/wp-json\/wp\/v2\/posts\/123447","targetHints":{"allow":["GET"]}}],"collection":[{"href":"https:\/\/iparaiba.com.br\/index.php\/wp-json\/wp\/v2\/posts"}],"about":[{"href":"https:\/\/iparaiba.com.br\/index.php\/wp-json\/wp\/v2\/types\/post"}],"author":[{"embeddable":true,"href":"https:\/\/iparaiba.com.br\/index.php\/wp-json\/wp\/v2\/users\/1"}],"replies":[{"embeddable":true,"href":"https:\/\/iparaiba.com.br\/index.php\/wp-json\/wp\/v2\/comments?post=123447"}],"version-history":[{"count":0,"href":"https:\/\/iparaiba.com.br\/index.php\/wp-json\/wp\/v2\/posts\/123447\/revisions"}],"wp:featuredmedia":[{"embeddable":true,"href":"https:\/\/iparaiba.com.br\/index.php\/wp-json\/wp\/v2\/media\/111526"}],"wp:attachment":[{"href":"https:\/\/iparaiba.com.br\/index.php\/wp-json\/wp\/v2\/media?parent=123447"}],"wp:term":[{"taxonomy":"category","embeddable":true,"href":"https:\/\/iparaiba.com.br\/index.php\/wp-json\/wp\/v2\/categories?post=123447"},{"taxonomy":"post_tag","embeddable":true,"href":"https:\/\/iparaiba.com.br\/index.php\/wp-json\/wp\/v2\/tags?post=123447"}],"curies":[{"name":"wp","href":"https:\/\/api.w.org\/{rel}","templated":true}]}}